{"id":1053,"date":"2014-12-30T14:21:23","date_gmt":"2014-12-30T17:21:23","guid":{"rendered":"http:\/\/educas.com.br\/blog\/?p=1053"},"modified":"2014-12-30T14:21:23","modified_gmt":"2014-12-30T17:21:23","slug":"didatica-e-docencia-aprendendo-a-profissao-2","status":"publish","type":"post","link":"http:\/\/educas.com.br\/blog\/didatica-e-docencia-aprendendo-a-profissao-2\/","title":{"rendered":"DID\u00c1TICA E DOC\u00caNCIA: APRENDENDO A PROFISS\u00c3O"},"content":{"rendered":"<h5><span style=\"color: #666666;\">\u00a0<img loading=\"lazy\" decoding=\"async\" class=\"aligncenter\" src=\"http:\/\/www.autoresassociados.com.br\/media\/catalog\/product\/cache\/2\/thumbnail\/9df78eab33525d08d6e5fb8d27136e95\/d\/i\/did_tica_e_doc_ncia.jpg\" alt=\"\" width=\"168\" height=\"242\" \/><\/span><\/h5>\n<h4><\/h4>\n<h4 style=\"text-align: justify;\"><strong>O livro Did\u00e1tica e Doc\u00eancia: aprendendo a profiss\u00e3o integra a Cole\u00e7\u00e3o Formar, cuja finalidade\u00a0<\/strong><strong>\u00e9<\/strong><strong>\u00a0contribuir para a dissemina\u00e7\u00e3o de conhecimentos necess\u00e1rios\u00a0\u00e0\u00a0forma\u00e7\u00e3o de profissionais de e<\/strong><strong>duca\u00e7\u00e3<\/strong><strong>o e de outras \u00e1reas das humanidades. As autoras partem da premissa de que o fazer docente e uma atividade situada, n\u00e3o neutra e distante de improviso. Inclui reflex\u00f5es sobre o ensino, seus pressupostos, determinantes sociais e modos de concretiza\u00e7\u00e3o. A escolha das tem\u00e1ticas nele abordadas se apoio no inventario das pautas recorrentes ou ausentes nas publica\u00e7\u00f5es em circula\u00e7\u00e3o sobre o assunto, bem como na inten\u00e7\u00e3o de assegurar conhecimentos pedag\u00f3gicos b\u00e1sicos que fortalecessem o trabalho docente numa abordagem cr\u00edtica e contextualizada .<\/strong><\/h4>\n","protected":false},"excerpt":{"rendered":"<p>\u00a0 O livro Did\u00e1tica e Doc\u00eancia: aprendendo a profiss\u00e3o integra a Cole\u00e7\u00e3o Formar, cuja finalidade\u00a0\u00e9\u00a0contribuir para a dissemina\u00e7\u00e3o de conhecimentos necess\u00e1rios\u00a0\u00e0\u00a0forma\u00e7\u00e3o de profissionais de educa\u00e7\u00e3o e de outras \u00e1reas das humanidades. As autoras partem da premissa de que o fazer docente e uma atividade situada, n\u00e3o neutra e distante de improviso. Inclui reflex\u00f5es sobre o &hellip;<\/p>\n","protected":false},"author":2,"featured_media":0,"comment_status":"closed","ping_status":"closed","sticky":false,"template":"","format":"standard","meta":{"footnotes":""},"categories":[4],"tags":[],"class_list":["post-1053","post","type-post","status-publish","format-standard","","category-livroscapitulos-de-livro"],"_links":{"self":[{"href":"http:\/\/educas.com.br\/blog\/wp-json\/wp\/v2\/posts\/1053","targetHints":{"allow":["GET"]}}],"collection":[{"href":"http:\/\/educas.com.br\/blog\/wp-json\/wp\/v2\/posts"}],"about":[{"href":"http:\/\/educas.com.br\/blog\/wp-json\/wp\/v2\/types\/post"}],"author":[{"embeddable":true,"href":"http:\/\/educas.com.br\/blog\/wp-json\/wp\/v2\/users\/2"}],"replies":[{"embeddable":true,"href":"http:\/\/educas.com.br\/blog\/wp-json\/wp\/v2\/comments?post=1053"}],"version-history":[{"count":0,"href":"http:\/\/educas.com.br\/blog\/wp-json\/wp\/v2\/posts\/1053\/revisions"}],"wp:attachment":[{"href":"http:\/\/educas.com.br\/blog\/wp-json\/wp\/v2\/media?parent=1053"}],"wp:term":[{"taxonomy":"category","embeddable":true,"href":"http:\/\/educas.com.br\/blog\/wp-json\/wp\/v2\/categories?post=1053"},{"taxonomy":"post_tag","embeddable":true,"href":"http:\/\/educas.com.br\/blog\/wp-json\/wp\/v2\/tags?post=1053"}],"curies":[{"name":"wp","href":"https:\/\/api.w.org\/{rel}","templated":true}]}}