{"id":1039,"date":"2015-05-15T12:17:08","date_gmt":"2015-05-15T15:17:08","guid":{"rendered":"http:\/\/educas.com.br\/blog\/?p=1039"},"modified":"2015-05-15T12:17:08","modified_gmt":"2015-05-15T15:17:08","slug":"a-pesquisa-na-docencia-universitaria-vivencias-significados-e-implicacoes-na-pratica-pedagogica-2","status":"publish","type":"post","link":"https:\/\/educas.com.br\/blog\/a-pesquisa-na-docencia-universitaria-vivencias-significados-e-implicacoes-na-pratica-pedagogica-2\/","title":{"rendered":"A Pesquisa na Doc\u00eancia Universit\u00e1ria: viv\u00eancias, significados e implica\u00e7\u00f5es na pr\u00e1tica pedag\u00f3gica"},"content":{"rendered":"<p><strong>Equipe de Trabalho:<\/strong><br \/>\nDra. Isabel Maria Sabino de Farias (Coordenadora)<br \/>\nHavenna Lima Madeira (Bolsista IC\/CNPq)<br \/>\nIngrid Cristine de Sousa Vasconcelos (Bolsista IC\/CNPq)<br \/>\nLidiane Sousa Lima (Bolsista ICT\/FUNCAP)<br \/>\nMayara Hemellyn Lopes Mendes (Bolsista ICT\/FUNCAP)<\/p>\n<p style=\"text-align: justify;\"><strong>Resumo:<\/strong><\/p>\n<p style=\"text-align: justify;\">O projeto\u00a0<i>A P<\/i><i>esquisa na Doc\u00eancia universit\u00e1ria: viv\u00eancias, significados e implica\u00e7\u00f5es na pr\u00e1tica pedag\u00f3gica<\/i>\u00a0\u00e9 fruto de iniciativa mais ampla intitulado\u00a0<i>O Professor do Ensino Superior e a Pesquisa: qual rela\u00e7\u00e3o e pr\u00e1tica pedag\u00f3gica\u00a0<\/i>que agrega integrantes dos grupos de pesquisa \u201cEduca\u00e7\u00e3o, Cultura Escolar e Sociedade\u201d (da UECE\/Centro de Educa\u00e7\u00e3o), \u201cEduca\u00e7\u00e3o e Sa\u00fade Coletiva\u201d (da UECE\/Centro de Ci\u00eancias da Sa\u00fade) e \u201cSaber e Pr\u00e1tica Social do Educador\u201d (da UFC\/Faculdade de Educa\u00e7\u00e3o). A iniciativa \u00e9 resultado de desdobramentos de investiga\u00e7\u00f5es empreendidas pelos pesquisadores desses grupos\u00a0 sobre a rela\u00e7\u00e3o ensino e pesquisa na pr\u00e1tica de docentes. A\u00a0 preocupa\u00e7\u00e3o da proposta recai sobre docentes universit\u00e1rios com\u00a0<i>titula\u00e7\u00e3o de\u00a0<\/i>mestre, doutor e est\u00e1gio de p\u00f3s-doutoramento que n\u00e3o participam de atividades de pesquisa, dando \u00eanfase nos cursos de Matem\u00e1tica e F\u00edsica. Seu objetivo \u00e9 contribuir para o debate sobre a rela\u00e7\u00e3o pesquisa e ensino na doc\u00eancia universit\u00e1ria, em particular sobre a pr\u00e1tica dos professores dos Cursos de gradua\u00e7\u00e3o em Matem\u00e1tica e F\u00edsica que n\u00e3o mant\u00eam rela\u00e7\u00e3o direta com atividades de pesquisa. A investiga\u00e7\u00e3o encontra aporte metodol\u00f3gico no estudo de caso, tendo como procedimentos de coleta e an\u00e1lise de dados as entrevistas semi-estruturadas e de explicita\u00e7\u00e3o, a observa\u00e7\u00e3o direta em sala de aula e an\u00e1lise documental.<\/p>\n<p style=\"text-align: justify;\"><strong>Palavras-chave:<\/strong>\u00a0Doc\u00eancia Universit\u00e1ria \u2013 Pesquisa \u2013 Ensino.<\/p>\n","protected":false},"excerpt":{"rendered":"<p>Equipe de Trabalho: Dra. Isabel Maria Sabino de Farias (Coordenadora) Havenna Lima Madeira (Bolsista IC\/CNPq) Ingrid Cristine de Sousa Vasconcelos (Bolsista IC\/CNPq) Lidiane Sousa Lima (Bolsista ICT\/FUNCAP) Mayara Hemellyn Lopes Mendes (Bolsista ICT\/FUNCAP) Resumo: O projeto\u00a0A Pesquisa na Doc\u00eancia universit\u00e1ria: viv\u00eancias, significados e implica\u00e7\u00f5es na pr\u00e1tica pedag\u00f3gica\u00a0\u00e9 fruto de iniciativa mais ampla intitulado\u00a0O Professor do &hellip;<\/p>\n","protected":false},"author":2,"featured_media":0,"comment_status":"closed","ping_status":"closed","sticky":false,"template":"","format":"standard","meta":{"footnotes":""},"categories":[10],"tags":[],"class_list":["post-1039","post","type-post","status-publish","format-standard","","category-pesquisas-concluidas"],"_links":{"self":[{"href":"https:\/\/educas.com.br\/blog\/wp-json\/wp\/v2\/posts\/1039","targetHints":{"allow":["GET"]}}],"collection":[{"href":"https:\/\/educas.com.br\/blog\/wp-json\/wp\/v2\/posts"}],"about":[{"href":"https:\/\/educas.com.br\/blog\/wp-json\/wp\/v2\/types\/post"}],"author":[{"embeddable":true,"href":"https:\/\/educas.com.br\/blog\/wp-json\/wp\/v2\/users\/2"}],"replies":[{"embeddable":true,"href":"https:\/\/educas.com.br\/blog\/wp-json\/wp\/v2\/comments?post=1039"}],"version-history":[{"count":0,"href":"https:\/\/educas.com.br\/blog\/wp-json\/wp\/v2\/posts\/1039\/revisions"}],"wp:attachment":[{"href":"https:\/\/educas.com.br\/blog\/wp-json\/wp\/v2\/media?parent=1039"}],"wp:term":[{"taxonomy":"category","embeddable":true,"href":"https:\/\/educas.com.br\/blog\/wp-json\/wp\/v2\/categories?post=1039"},{"taxonomy":"post_tag","embeddable":true,"href":"https:\/\/educas.com.br\/blog\/wp-json\/wp\/v2\/tags?post=1039"}],"curies":[{"name":"wp","href":"https:\/\/api.w.org\/{rel}","templated":true}]}}