{"id":1551,"date":"2019-11-06T14:58:28","date_gmt":"2019-11-06T17:58:28","guid":{"rendered":"http:\/\/educas.com.br\/blog\/?p=1551"},"modified":"2019-11-06T14:58:28","modified_gmt":"2019-11-06T17:58:28","slug":"encontro-do-grupo-eco","status":"publish","type":"post","link":"https:\/\/educas.com.br\/blog\/encontro-do-grupo-eco\/","title":{"rendered":"Encontro do Grupo ECO"},"content":{"rendered":"<p>No dia 2 de Setembro (segunda-feira) os integrantes do ECO sob orienta\u00e7\u00e3o da professora Dra. Isabel Maria Sabino de Farias p\u00f4s em destaque o documento &#8220;Proposta para Base Nacional Comum da Forma\u00e7\u00e3o de Professores da Educa\u00e7\u00e3o B\u00e1sica&#8221;.<\/p>\n<p>Foi disponibilizado o texto antes do encontro para que todos pudessem analisar e contribuir com o que se tinha posto de acordo com o MEC sobre as novas normas que o mesmo entregou ao Conselho Nacional de Educa\u00e7\u00e3o (CNE), que estaria abrindo posteriormente o debate com as institui\u00e7\u00f5es formadoras, estados, munic\u00edpios e escolas, para aperfei\u00e7oar e complementar.<\/p>\n\n<figure class=\"wp-block-image\"><img decoding=\"async\" src=\"http:\/\/educas.com.br\/blog\/wp-content\/uploads\/2019\/11\/proposta-bnc.jpeg\" alt=\"\" class=\"wp-image-1552\"\/><\/figure>\n","protected":false},"excerpt":{"rendered":"<p>No dia 2 de Setembro (segunda-feira) os integrantes do ECO sob orienta\u00e7\u00e3o da professora Dra. Isabel Maria Sabino de Farias p\u00f4s em destaque o documento &#8220;Proposta para Base Nacional Comum da Forma\u00e7\u00e3o de Professores da Educa\u00e7\u00e3o B\u00e1sica&#8221;. Foi disponibilizado o texto antes do encontro para que todos pudessem analisar e contribuir com o que se &hellip;<\/p>\n","protected":false},"author":3,"featured_media":0,"comment_status":"closed","ping_status":"closed","sticky":false,"template":"","format":"standard","meta":{"footnotes":""},"categories":[15,2],"tags":[],"class_list":["post-1551","post","type-post","status-publish","format-standard","","category-agenda","category-noticias"],"_links":{"self":[{"href":"https:\/\/educas.com.br\/blog\/wp-json\/wp\/v2\/posts\/1551","targetHints":{"allow":["GET"]}}],"collection":[{"href":"https:\/\/educas.com.br\/blog\/wp-json\/wp\/v2\/posts"}],"about":[{"href":"https:\/\/educas.com.br\/blog\/wp-json\/wp\/v2\/types\/post"}],"author":[{"embeddable":true,"href":"https:\/\/educas.com.br\/blog\/wp-json\/wp\/v2\/users\/3"}],"replies":[{"embeddable":true,"href":"https:\/\/educas.com.br\/blog\/wp-json\/wp\/v2\/comments?post=1551"}],"version-history":[{"count":0,"href":"https:\/\/educas.com.br\/blog\/wp-json\/wp\/v2\/posts\/1551\/revisions"}],"wp:attachment":[{"href":"https:\/\/educas.com.br\/blog\/wp-json\/wp\/v2\/media?parent=1551"}],"wp:term":[{"taxonomy":"category","embeddable":true,"href":"https:\/\/educas.com.br\/blog\/wp-json\/wp\/v2\/categories?post=1551"},{"taxonomy":"post_tag","embeddable":true,"href":"https:\/\/educas.com.br\/blog\/wp-json\/wp\/v2\/tags?post=1551"}],"curies":[{"name":"wp","href":"https:\/\/api.w.org\/{rel}","templated":true}]}}