{"id":1562,"date":"2019-11-06T15:04:34","date_gmt":"2019-11-06T18:04:34","guid":{"rendered":"http:\/\/educas.com.br\/blog\/?p=1562"},"modified":"2019-11-06T15:04:34","modified_gmt":"2019-11-06T18:04:34","slug":"encontro-eco","status":"publish","type":"post","link":"https:\/\/educas.com.br\/blog\/encontro-eco\/","title":{"rendered":"Encontro ECO"},"content":{"rendered":"\n<p><\/p>\n\n<p>No dia 4 de Novembro (Segunda-feira) ocorreu mais um encontro do grupo ECO sob media\u00e7\u00e3o da professora Dra. Isabel Maria Sabino de Farias. Na seguinte data continuamos os estudos do livro de Robert Stake sobre &#8220;Pesquisa Qualitativa&#8221;.<\/p>\n<p>Destacamos os cap\u00edtulos 3 e 4, onde debatemos mais a fundo sobre as diferen\u00e7as de uma pesquisa qualitativa e quantitativa. Al\u00e9m de compreender como os pesquisadores podem utilizar as ferramentas para definir sua pesquisa.<\/p>","protected":false},"excerpt":{"rendered":"<p>No dia 4 de Novembro (Segunda-feira) ocorreu mais um encontro do grupo ECO sob media\u00e7\u00e3o da professora Dra. Isabel Maria Sabino de Farias. Na seguinte data continuamos os estudos do livro de Robert Stake sobre &#8220;Pesquisa Qualitativa&#8221;. Destacamos os cap\u00edtulos 3 e 4, onde debatemos mais a fundo sobre as diferen\u00e7as de uma pesquisa qualitativa &hellip;<\/p>\n","protected":false},"author":3,"featured_media":0,"comment_status":"closed","ping_status":"closed","sticky":false,"template":"","format":"standard","meta":{"footnotes":""},"categories":[15,2],"tags":[],"class_list":["post-1562","post","type-post","status-publish","format-standard","","category-agenda","category-noticias"],"_links":{"self":[{"href":"https:\/\/educas.com.br\/blog\/wp-json\/wp\/v2\/posts\/1562","targetHints":{"allow":["GET"]}}],"collection":[{"href":"https:\/\/educas.com.br\/blog\/wp-json\/wp\/v2\/posts"}],"about":[{"href":"https:\/\/educas.com.br\/blog\/wp-json\/wp\/v2\/types\/post"}],"author":[{"embeddable":true,"href":"https:\/\/educas.com.br\/blog\/wp-json\/wp\/v2\/users\/3"}],"replies":[{"embeddable":true,"href":"https:\/\/educas.com.br\/blog\/wp-json\/wp\/v2\/comments?post=1562"}],"version-history":[{"count":0,"href":"https:\/\/educas.com.br\/blog\/wp-json\/wp\/v2\/posts\/1562\/revisions"}],"wp:attachment":[{"href":"https:\/\/educas.com.br\/blog\/wp-json\/wp\/v2\/media?parent=1562"}],"wp:term":[{"taxonomy":"category","embeddable":true,"href":"https:\/\/educas.com.br\/blog\/wp-json\/wp\/v2\/categories?post=1562"},{"taxonomy":"post_tag","embeddable":true,"href":"https:\/\/educas.com.br\/blog\/wp-json\/wp\/v2\/tags?post=1562"}],"curies":[{"name":"wp","href":"https:\/\/api.w.org\/{rel}","templated":true}]}}