{"id":1591,"date":"2019-11-19T15:24:22","date_gmt":"2019-11-19T18:24:22","guid":{"rendered":"http:\/\/educas.com.br\/blog\/?p=1591"},"modified":"2019-11-19T15:24:22","modified_gmt":"2019-11-19T18:24:22","slug":"encontro-sobre-pesquisa-autobiografica-com-a-profa-dra-ercilia-braga","status":"publish","type":"post","link":"https:\/\/educas.com.br\/blog\/encontro-sobre-pesquisa-autobiografica-com-a-profa-dra-ercilia-braga\/","title":{"rendered":"Encontro sobre Pesquisa (Auto)biogr\u00e1fica com a Prof\u00aa Dra. Erc\u00edlia Braga"},"content":{"rendered":"<p>Na tarde do dia 18 de novembro os membros da \u201cPesquisa COM professores iniciantes: um estudo sobre indu\u00e7\u00e3o profissional\u201d se reuniram para mais um encontro.<\/p>\n<p>Na ocasi\u00e3o contamos com a presen\u00e7a da Dra. Erc\u00edlia Braga&nbsp; que \u00e9 professora do quadro permanente do Programa de P\u00f3s-Gradua\u00e7\u00e3o em Educa\u00e7\u00e3o da UFC (mestrado e doutorado). Atua de modo integrado no ensino, na pesquisa e na extens\u00e3o nos campos da Educa\u00e7\u00e3o Popular, Educa\u00e7\u00e3o em Direitos Humanos, juventude, espiritualidade, religi\u00e3o e forma\u00e7\u00e3o de professores. \u00c9 l\u00edder do diret\u00f3rio de pesquisa Dialogicidade, Forma\u00e7\u00e3o Humana e Narrativas (DIAFHNA).&nbsp;<\/p>\n<p>A docente nos trouxe uma bel\u00edssima fala e apresenta\u00e7\u00e3o sobre autobiografia atrav\u00e9s de demonstra\u00e7\u00f5es de teses e disserta\u00e7\u00f5es desenvolvidas por seus orientandos.<\/p>\n\n<figure class=\"wp-block-image size-large is-resized\"><img loading=\"lazy\" decoding=\"async\" src=\"http:\/\/educas.com.br\/blog\/wp-content\/uploads\/2019\/11\/WhatsApp-Image-2019-11-19-at-15.17.24-1024x694.jpeg\" alt=\"\" class=\"wp-image-1592\" width=\"502\" height=\"340\"\/><\/figure>\n\n\n<figure class=\"wp-block-image size-large is-resized\"><img loading=\"lazy\" decoding=\"async\" src=\"http:\/\/educas.com.br\/blog\/wp-content\/uploads\/2019\/11\/WhatsApp-Image-2019-11-19-at-15.17.24-1-768x1024.jpeg\" alt=\"\" class=\"wp-image-1593\" width=\"474\" height=\"632\"\/><\/figure>\n","protected":false},"excerpt":{"rendered":"<p>Na tarde do dia 18 de novembro os membros da \u201cPesquisa COM professores iniciantes: um estudo sobre indu\u00e7\u00e3o profissional\u201d se reuniram para mais um encontro. Na ocasi\u00e3o contamos com a presen\u00e7a da Dra. Erc\u00edlia Braga&nbsp; que \u00e9 professora do quadro permanente do Programa de P\u00f3s-Gradua\u00e7\u00e3o em Educa\u00e7\u00e3o da UFC (mestrado e doutorado). Atua de modo &hellip;<\/p>\n","protected":false},"author":3,"featured_media":0,"comment_status":"closed","ping_status":"closed","sticky":false,"template":"","format":"standard","meta":{"footnotes":""},"categories":[15,2,19],"tags":[],"class_list":["post-1591","post","type-post","status-publish","format-standard","","category-agenda","category-noticias","category-pesquisa-em-desenvolvimento"],"_links":{"self":[{"href":"https:\/\/educas.com.br\/blog\/wp-json\/wp\/v2\/posts\/1591","targetHints":{"allow":["GET"]}}],"collection":[{"href":"https:\/\/educas.com.br\/blog\/wp-json\/wp\/v2\/posts"}],"about":[{"href":"https:\/\/educas.com.br\/blog\/wp-json\/wp\/v2\/types\/post"}],"author":[{"embeddable":true,"href":"https:\/\/educas.com.br\/blog\/wp-json\/wp\/v2\/users\/3"}],"replies":[{"embeddable":true,"href":"https:\/\/educas.com.br\/blog\/wp-json\/wp\/v2\/comments?post=1591"}],"version-history":[{"count":0,"href":"https:\/\/educas.com.br\/blog\/wp-json\/wp\/v2\/posts\/1591\/revisions"}],"wp:attachment":[{"href":"https:\/\/educas.com.br\/blog\/wp-json\/wp\/v2\/media?parent=1591"}],"wp:term":[{"taxonomy":"category","embeddable":true,"href":"https:\/\/educas.com.br\/blog\/wp-json\/wp\/v2\/categories?post=1591"},{"taxonomy":"post_tag","embeddable":true,"href":"https:\/\/educas.com.br\/blog\/wp-json\/wp\/v2\/tags?post=1591"}],"curies":[{"name":"wp","href":"https:\/\/api.w.org\/{rel}","templated":true}]}}