{"id":160,"date":"2010-03-02T14:57:09","date_gmt":"2010-03-02T17:57:09","guid":{"rendered":"http:\/\/educas.com.br\/blog\/?p=160"},"modified":"2010-03-02T14:57:09","modified_gmt":"2010-03-02T17:57:09","slug":"concepcoes-e-praticas-de-autonomia-docente-na-escola-publica","status":"publish","type":"post","link":"https:\/\/educas.com.br\/blog\/concepcoes-e-praticas-de-autonomia-docente-na-escola-publica\/","title":{"rendered":"Concep\u00e7\u00f5es e Pr\u00e1ticas de Autonomia Docente na Escola P\u00fablica"},"content":{"rendered":"<p>&nbsp;<br \/>\nPor: Germana Castro Barbosa \u00a0e Jeannette Filomeno Pouchain Ramos<\/p>\n<p style=\"text-align: justify;\">\n<p style=\"text-align: justify;\">Este trabalho analisa os modelos de professor da escola, devido ao interesse pelo desenvolvimento da pr\u00e1tica aut\u00f4noma docente e constante observa\u00e7\u00e3o dos professores nas decis\u00f5es tomadas no ambiente escolar.<\/p>\n<p><a href=\"http:\/\/educas.com.br\/blog\/wp-content\/uploads\/2010\/03\/Concep\u00e7\u00f5es-e-pr\u00e1ticas-de-autonomia-docente-na-escola-p\u00fablica1.pdf\">Ler artigo completo<\/a><\/p>\n","protected":false},"excerpt":{"rendered":"<p>&nbsp; Por: Germana Castro Barbosa \u00a0e Jeannette Filomeno Pouchain Ramos Este trabalho analisa os modelos de professor da escola, devido ao interesse pelo desenvolvimento da pr\u00e1tica aut\u00f4noma docente e constante observa\u00e7\u00e3o dos professores nas decis\u00f5es tomadas no ambiente escolar. Ler artigo completo<\/p>\n","protected":false},"author":2,"featured_media":0,"comment_status":"open","ping_status":"open","sticky":false,"template":"","format":"standard","meta":{"footnotes":""},"categories":[3],"tags":[],"class_list":["post-160","post","type-post","status-publish","format-standard","","category-artigos"],"_links":{"self":[{"href":"https:\/\/educas.com.br\/blog\/wp-json\/wp\/v2\/posts\/160","targetHints":{"allow":["GET"]}}],"collection":[{"href":"https:\/\/educas.com.br\/blog\/wp-json\/wp\/v2\/posts"}],"about":[{"href":"https:\/\/educas.com.br\/blog\/wp-json\/wp\/v2\/types\/post"}],"author":[{"embeddable":true,"href":"https:\/\/educas.com.br\/blog\/wp-json\/wp\/v2\/users\/2"}],"replies":[{"embeddable":true,"href":"https:\/\/educas.com.br\/blog\/wp-json\/wp\/v2\/comments?post=160"}],"version-history":[{"count":0,"href":"https:\/\/educas.com.br\/blog\/wp-json\/wp\/v2\/posts\/160\/revisions"}],"wp:attachment":[{"href":"https:\/\/educas.com.br\/blog\/wp-json\/wp\/v2\/media?parent=160"}],"wp:term":[{"taxonomy":"category","embeddable":true,"href":"https:\/\/educas.com.br\/blog\/wp-json\/wp\/v2\/categories?post=160"},{"taxonomy":"post_tag","embeddable":true,"href":"https:\/\/educas.com.br\/blog\/wp-json\/wp\/v2\/tags?post=160"}],"curies":[{"name":"wp","href":"https:\/\/api.w.org\/{rel}","templated":true}]}}