{"id":1696,"date":"2021-05-21T14:20:29","date_gmt":"2021-05-21T17:20:29","guid":{"rendered":"http:\/\/educas.com.br\/blog\/?p=1696"},"modified":"2021-05-21T14:20:29","modified_gmt":"2021-05-21T17:20:29","slug":"oficina-sobre-analise-textual-discursiva-atd","status":"publish","type":"post","link":"https:\/\/educas.com.br\/blog\/oficina-sobre-analise-textual-discursiva-atd\/","title":{"rendered":"Oficina sobre An\u00e1lise Textual Discursiva (ATD)"},"content":{"rendered":"\n<p>Est\u00e3o abertas as inscri\u00e7\u00f5es  para participar da primeira oficina sobre An\u00e1lise Textual Discursiva (ATD), promovida pelo grupo de pesquisa EDUCAS, vinculado ao Programa de P\u00f3s-Gradua\u00e7\u00e3o em Educa\u00e7\u00e3o (PPGE) da Universidade Estadual do Cear\u00e1 (UECE). O evento ser\u00e1 ministrado pelo Professor e Doutor Ev\u00f3dio Maur\u00edcio Oliveira Ramos (UEFS). As vagas s\u00e3o limitadas e exclusivas para estudantes de gradua\u00e7\u00e3o e p\u00f3s-gradua\u00e7\u00e3o em Educa\u00e7\u00e3o. A oficina ser\u00e1 realizada via Google meet.<\/p>\n\n\n<p><strong>Datas e hor\u00e1rios: <\/strong><\/p>\n\n\n<p>28\/05 &#8211; 9h \u00e0s 12h.<br \/>11\/06 &#8211; 9h \u00e0s 12h.<\/p>\n\n\n<p><strong>Link para inscri\u00e7\u00e3o<\/strong>:  https:\/\/forms.gle\/L9CdqirGsH2T92Yd9<\/p>\n\n\n<figure class=\"wp-block-image size-large\"><img decoding=\"async\" src=\"http:\/\/educas.com.br\/blog\/wp-content\/uploads\/2021\/05\/CARD-OFICINA-1-1024x1024.png\" alt=\"\" class=\"wp-image-1697\"\/><\/figure>\n","protected":false},"excerpt":{"rendered":"<p>Est\u00e3o abertas as inscri\u00e7\u00f5es para participar da primeira oficina sobre An\u00e1lise Textual Discursiva (ATD), promovida pelo grupo de pesquisa EDUCAS, vinculado ao Programa de P\u00f3s-Gradua\u00e7\u00e3o em Educa\u00e7\u00e3o (PPGE) da Universidade Estadual do Cear\u00e1 (UECE). O evento ser\u00e1 ministrado pelo Professor e Doutor Ev\u00f3dio Maur\u00edcio Oliveira Ramos (UEFS). As vagas s\u00e3o limitadas e exclusivas para estudantes &hellip;<\/p>\n","protected":false},"author":3,"featured_media":0,"comment_status":"closed","ping_status":"closed","sticky":false,"template":"","format":"standard","meta":{"footnotes":""},"categories":[15,2],"tags":[],"class_list":["post-1696","post","type-post","status-publish","format-standard","","category-agenda","category-noticias"],"_links":{"self":[{"href":"https:\/\/educas.com.br\/blog\/wp-json\/wp\/v2\/posts\/1696","targetHints":{"allow":["GET"]}}],"collection":[{"href":"https:\/\/educas.com.br\/blog\/wp-json\/wp\/v2\/posts"}],"about":[{"href":"https:\/\/educas.com.br\/blog\/wp-json\/wp\/v2\/types\/post"}],"author":[{"embeddable":true,"href":"https:\/\/educas.com.br\/blog\/wp-json\/wp\/v2\/users\/3"}],"replies":[{"embeddable":true,"href":"https:\/\/educas.com.br\/blog\/wp-json\/wp\/v2\/comments?post=1696"}],"version-history":[{"count":0,"href":"https:\/\/educas.com.br\/blog\/wp-json\/wp\/v2\/posts\/1696\/revisions"}],"wp:attachment":[{"href":"https:\/\/educas.com.br\/blog\/wp-json\/wp\/v2\/media?parent=1696"}],"wp:term":[{"taxonomy":"category","embeddable":true,"href":"https:\/\/educas.com.br\/blog\/wp-json\/wp\/v2\/categories?post=1696"},{"taxonomy":"post_tag","embeddable":true,"href":"https:\/\/educas.com.br\/blog\/wp-json\/wp\/v2\/tags?post=1696"}],"curies":[{"name":"wp","href":"https:\/\/api.w.org\/{rel}","templated":true}]}}