{"id":1732,"date":"2022-04-01T10:24:47","date_gmt":"2022-04-01T13:24:47","guid":{"rendered":"https:\/\/educas.com.br\/blog\/?p=1732"},"modified":"2022-04-27T15:13:03","modified_gmt":"2022-04-27T18:13:03","slug":"primero-encontro-presencial-do-grupo-educas","status":"publish","type":"post","link":"https:\/\/educas.com.br\/blog\/primero-encontro-presencial-do-grupo-educas\/","title":{"rendered":"Primero Encontro Presencial do Grupo EDUCAS P\u00f3s Pandemia"},"content":{"rendered":"<p>Ocorre hoje, dia 1 de Abril de 2022, o primeiro encontro presencial do grupo EDUCAS ap\u00f3s dois anos de atua\u00e7\u00e3o online. O grupo se re\u00fane na data presente \u00e0s 14h no Programa de P\u00f3s-Gradua\u00e7\u00e3o em Educa\u00e7\u00e3o (PPGE) da Universidade Estadual do Cear\u00e1 (UECE).<\/p>\n<p>A programa\u00e7\u00e3o do encontro:<\/p>\n<p>&#8211; Confraterniza\u00e7\u00e3o retorno presencial<\/p>\n<p>&#8211; Acolhida dos novos integrantes (mestrandos, doutorandos, IC)<\/p>\n<p>&#8211; Esclarecimentos sobre o funcionamento do EDUCAS em 2022<\/p>\n<p>&#8211; Proposta de estudo da AGENDA: organiza\u00e7\u00e3o das atividades (compor duplas; indicar artigo(s) para leitura e exame pr\u00e9vio \u2013 ficha para an\u00e1lise)<\/p>\n<p>&#8211; Roda de Conversa \u201cArtigo cient\u00edfico: problematiza\u00e7\u00f5es em torno de elabora\u00e7\u00e3o\u201d &#8211; Media\u00e7\u00e3o dos profs. Isabel, Silvina, Giovana, Mirtiel<\/p>\n<p><img loading=\"lazy\" decoding=\"async\" class=\"wp-image-1733 aligncenter\" src=\"http:\/\/educas.com.br\/blog\/wp-content\/uploads\/2022\/04\/WhatsApp-Image-2022-03-24-at-15.40.11-300x218.jpeg\" alt=\"\" width=\"326\" height=\"237\" srcset=\"https:\/\/educas.com.br\/blog\/wp-content\/uploads\/2022\/04\/WhatsApp-Image-2022-03-24-at-15.40.11-300x218.jpeg 300w, https:\/\/educas.com.br\/blog\/wp-content\/uploads\/2022\/04\/WhatsApp-Image-2022-03-24-at-15.40.11.jpeg 616w\" sizes=\"auto, (max-width: 326px) 100vw, 326px\" \/><\/p>\n","protected":false},"excerpt":{"rendered":"<p>Ocorre hoje, dia 1 de Abril de 2022, o primeiro encontro presencial do grupo EDUCAS ap\u00f3s dois anos de atua\u00e7\u00e3o online. O grupo se re\u00fane na data presente \u00e0s 14h no Programa de P\u00f3s-Gradua\u00e7\u00e3o em Educa\u00e7\u00e3o (PPGE) da Universidade Estadual do Cear\u00e1 (UECE). A programa\u00e7\u00e3o do encontro: &#8211; Confraterniza\u00e7\u00e3o retorno presencial &#8211; Acolhida dos novos &hellip;<\/p>\n","protected":false},"author":2,"featured_media":0,"comment_status":"closed","ping_status":"closed","sticky":false,"template":"","format":"standard","meta":{"footnotes":""},"categories":[15,2],"tags":[],"class_list":["post-1732","post","type-post","status-publish","format-standard","","category-agenda","category-noticias"],"_links":{"self":[{"href":"https:\/\/educas.com.br\/blog\/wp-json\/wp\/v2\/posts\/1732","targetHints":{"allow":["GET"]}}],"collection":[{"href":"https:\/\/educas.com.br\/blog\/wp-json\/wp\/v2\/posts"}],"about":[{"href":"https:\/\/educas.com.br\/blog\/wp-json\/wp\/v2\/types\/post"}],"author":[{"embeddable":true,"href":"https:\/\/educas.com.br\/blog\/wp-json\/wp\/v2\/users\/2"}],"replies":[{"embeddable":true,"href":"https:\/\/educas.com.br\/blog\/wp-json\/wp\/v2\/comments?post=1732"}],"version-history":[{"count":5,"href":"https:\/\/educas.com.br\/blog\/wp-json\/wp\/v2\/posts\/1732\/revisions"}],"predecessor-version":[{"id":1744,"href":"https:\/\/educas.com.br\/blog\/wp-json\/wp\/v2\/posts\/1732\/revisions\/1744"}],"wp:attachment":[{"href":"https:\/\/educas.com.br\/blog\/wp-json\/wp\/v2\/media?parent=1732"}],"wp:term":[{"taxonomy":"category","embeddable":true,"href":"https:\/\/educas.com.br\/blog\/wp-json\/wp\/v2\/categories?post=1732"},{"taxonomy":"post_tag","embeddable":true,"href":"https:\/\/educas.com.br\/blog\/wp-json\/wp\/v2\/tags?post=1732"}],"curies":[{"name":"wp","href":"https:\/\/api.w.org\/{rel}","templated":true}]}}