{"id":1770,"date":"2022-04-28T16:19:35","date_gmt":"2022-04-28T19:19:35","guid":{"rendered":"https:\/\/educas.com.br\/blog\/?p=1770"},"modified":"2022-04-28T16:19:35","modified_gmt":"2022-04-28T19:19:35","slug":"educas-integra-a-rede-de-estudos-sobre-desenvolvimento-profissional-docente-redep-1o-seminario-da-redep","status":"publish","type":"post","link":"https:\/\/educas.com.br\/blog\/educas-integra-a-rede-de-estudos-sobre-desenvolvimento-profissional-docente-redep-1o-seminario-da-redep\/","title":{"rendered":"EDUCAS integra a Rede de Estudos sobre Desenvolvimento Profissional Docente (REDEP) + 1\u00ba Seminario da REDEP"},"content":{"rendered":"<p>O Grupo de pesquisa EDUCAS integra a Rede de Estudos sobre Desenvolvimento Profissional Docente (REDEP).<\/p>\n<p><strong>Vamos conhecer um pouco mais sobre a REDEP?\u00a0<\/strong><\/p>\n<p><strong>Clique no link a seguir para acessar o site da REDEP: <a href=\"http:\/\/www.nucleoestudo.ufla.br\/redep\/\">http:\/\/www.nucleoestudo.ufla.br\/redep\/<\/a><\/strong><\/p>\n<p>A Rede de estudos e pesquisas sobre o desenvolvimento profissional docente nasce do desejo de um grupo de pesquisadores, vinculados ao N\u00facleo de Estudos e Pesquisas sobre Desenvolvimento Profissional Docente, coordenador pela professora Marli Andr\u00e9, de fortalecer os estudos acerca de uma tema que nos \u00e9 t\u00e3o caro: educa\u00e7\u00e3o e forma\u00e7\u00e3o docente. Desde o ano de 2009, diferentes projetos de pesquisa, financiados por editais Universal do CNPq, v\u00eam congregando as discuss\u00f5es em diferentes contextos de forma\u00e7\u00e3o docente na perspectiva do desenvolvimento profissional docente.<\/p>\n<p>H\u00e1 mais de uma d\u00e9cada, na dire\u00e7\u00e3o do trabalho colaborativo e compartilhado, diferentes pesquisadores vinculados a institui\u00e7\u00f5es de educa\u00e7\u00e3o superior de todo pa\u00eds, t\u00eam contribu\u00eddo com as discuss\u00f5es e com a abrang\u00eancia das pesquisas com responsabilidade, compromisso e compet\u00eancia, de modo a compreender os contextos de forma\u00e7\u00e3o e desenvolvimento profissional docente, considerando quest\u00f5es afetas \u00e0 forma\u00e7\u00e3o inicial, no contexto dos cursos de licenciatura, bem como aquelas que se referem ao desenvolvimento profissional de professores iniciantes e experientes.<\/p>\n<p>Nessa dire\u00e7\u00e3o, elencamos os principais temas de estudos e pesquisas:<br \/>\n\u2013 O Papel das Pr\u00e1ticas de Licenciatura na Constitui\u00e7\u00e3o da Identidade Profissional dos Futuros Professores (2009-2011)<br \/>\n\u2013 Aproxima\u00e7\u00e3o entre Universidade e Escola na Forma\u00e7\u00e3o de professores: pol\u00edticas de Inser\u00e7\u00e3o na Doc\u00eancia (2011-2014)<br \/>\n\u2013 Inser\u00e7\u00e3o profissional de egressos de programas de inicia\u00e7\u00e3o a doc\u00eancia (2015-2018)<br \/>\n\u2013 Processos de Indu\u00e7\u00e3o de professores iniciantes na escola b\u00e1sica (2019-atual).<\/p>\n<p>Sob a lideran\u00e7a da Professora e pesquisadora Marli Andr\u00e9, nossa REDEP tem contribu\u00eddo de forma significativa para o debate sobre o desenvolvimento profissional docente, seus desafios e possibilidades, assumindo nosso compromisso \u00e9tico e pol\u00edtico e a nossa responsabilidade social com a qualifica\u00e7\u00e3o da educa\u00e7\u00e3o brasileira e da escola p\u00fablica, por meio das pesquisas que primam pela necess\u00e1ria articula\u00e7\u00e3o universidade e escola de educa\u00e7\u00e3o b\u00e1sica.<\/p>\n<p><strong>N\u00e3o fique de fora do 1\u00ba semin\u00e1rio REDEP!<\/strong><\/p>\n<p><img loading=\"lazy\" decoding=\"async\" class=\"alignnone  wp-image-1771\" src=\"http:\/\/educas.com.br\/blog\/wp-content\/uploads\/2022\/04\/22b789ae-9f9c-45a3-ab5f-2743a704cb26-300x297.jpg\" alt=\"\" width=\"408\" height=\"404\" srcset=\"https:\/\/educas.com.br\/blog\/wp-content\/uploads\/2022\/04\/22b789ae-9f9c-45a3-ab5f-2743a704cb26-300x297.jpg 300w, https:\/\/educas.com.br\/blog\/wp-content\/uploads\/2022\/04\/22b789ae-9f9c-45a3-ab5f-2743a704cb26-1024x1014.jpg 1024w, https:\/\/educas.com.br\/blog\/wp-content\/uploads\/2022\/04\/22b789ae-9f9c-45a3-ab5f-2743a704cb26-150x150.jpg 150w, https:\/\/educas.com.br\/blog\/wp-content\/uploads\/2022\/04\/22b789ae-9f9c-45a3-ab5f-2743a704cb26-768x760.jpg 768w, https:\/\/educas.com.br\/blog\/wp-content\/uploads\/2022\/04\/22b789ae-9f9c-45a3-ab5f-2743a704cb26.jpg 1080w\" sizes=\"auto, (max-width: 408px) 100vw, 408px\" \/><\/p>\n<p><strong>Clique no link a seguir para realizar sua inscri\u00e7\u00e3o no 1\u00ba Semin\u00e1rio REDEP:<\/strong>\u00a0<a href=\"https:\/\/docs.google.com\/forms\/d\/e\/1FAIpQLSdiElsw6xPQfstjsMgvZ8KT29iI789d811a4FIjodvWbi8d9A\/viewform\">https:\/\/docs.google.com\/forms\/d\/e\/1FAIpQLSdiElsw6xPQfstjsMgvZ8KT29iI789d811a4FIjodvWbi8d9A\/viewform<\/a><\/p>\n<p>&nbsp;<\/p>\n","protected":false},"excerpt":{"rendered":"<p>O Grupo de pesquisa EDUCAS integra a Rede de Estudos sobre Desenvolvimento Profissional Docente (REDEP). Vamos conhecer um pouco mais sobre a REDEP?\u00a0 Clique no link a seguir para acessar o site da REDEP: http:\/\/www.nucleoestudo.ufla.br\/redep\/ A Rede de estudos e pesquisas sobre o desenvolvimento profissional docente nasce do desejo de um grupo de pesquisadores, vinculados &hellip;<\/p>\n","protected":false},"author":2,"featured_media":0,"comment_status":"closed","ping_status":"closed","sticky":false,"template":"","format":"standard","meta":{"footnotes":""},"categories":[15],"tags":[],"class_list":["post-1770","post","type-post","status-publish","format-standard","","category-agenda"],"_links":{"self":[{"href":"https:\/\/educas.com.br\/blog\/wp-json\/wp\/v2\/posts\/1770","targetHints":{"allow":["GET"]}}],"collection":[{"href":"https:\/\/educas.com.br\/blog\/wp-json\/wp\/v2\/posts"}],"about":[{"href":"https:\/\/educas.com.br\/blog\/wp-json\/wp\/v2\/types\/post"}],"author":[{"embeddable":true,"href":"https:\/\/educas.com.br\/blog\/wp-json\/wp\/v2\/users\/2"}],"replies":[{"embeddable":true,"href":"https:\/\/educas.com.br\/blog\/wp-json\/wp\/v2\/comments?post=1770"}],"version-history":[{"count":1,"href":"https:\/\/educas.com.br\/blog\/wp-json\/wp\/v2\/posts\/1770\/revisions"}],"predecessor-version":[{"id":1772,"href":"https:\/\/educas.com.br\/blog\/wp-json\/wp\/v2\/posts\/1770\/revisions\/1772"}],"wp:attachment":[{"href":"https:\/\/educas.com.br\/blog\/wp-json\/wp\/v2\/media?parent=1770"}],"wp:term":[{"taxonomy":"category","embeddable":true,"href":"https:\/\/educas.com.br\/blog\/wp-json\/wp\/v2\/categories?post=1770"},{"taxonomy":"post_tag","embeddable":true,"href":"https:\/\/educas.com.br\/blog\/wp-json\/wp\/v2\/tags?post=1770"}],"curies":[{"name":"wp","href":"https:\/\/api.w.org\/{rel}","templated":true}]}}