{"id":1785,"date":"2022-04-28T18:01:01","date_gmt":"2022-04-28T21:01:01","guid":{"rendered":"https:\/\/educas.com.br\/blog\/?p=1785"},"modified":"2022-04-28T18:01:01","modified_gmt":"2022-04-28T21:01:01","slug":"professora-isabel-sabino-participa-de-roda-de-conversa-com-o-grupo-de-pesquisa-diverso-uneb","status":"publish","type":"post","link":"https:\/\/educas.com.br\/blog\/professora-isabel-sabino-participa-de-roda-de-conversa-com-o-grupo-de-pesquisa-diverso-uneb\/","title":{"rendered":"Professora Isabel Sabino participa de Roda de Conversa com o Grupo de Pesquisa DIVERSO (UNEB)"},"content":{"rendered":"<p>Aconteceu hoje, dia 28\/04\/2022, na modalidade online, uma Roda de Conversa do Grupo de Pesquisa Doc\u00eancia, Narrativas e Diversidade na Educa\u00e7\u00e3o B\u00e1sica &#8211; DIVERSO (UNEB), coordenado pela professora Jane Adriana Vasconcelos Pacheco Rios, com o tema:<strong>\u201cPesquisar e formar professores pesquisadores em Educa\u00e7\u00e3o: apontamentos sobre a trajet\u00f3ria de um grupo de pesquisa&#8221;.\u00a0<\/strong>A reuni\u00e3o contou com a participa\u00e7\u00e3o da Professora Isabel Sabino, L\u00edder do Grupo de Pesquisa EDUCAS.<\/p>\n<p><strong>Segue abaixo um registro do encontro!<\/strong><\/p>\n<p><img loading=\"lazy\" decoding=\"async\" class=\"alignnone size-medium wp-image-1779\" src=\"http:\/\/educas.com.br\/blog\/wp-content\/uploads\/2022\/04\/3b60349d-bd23-41e4-970a-d04a46bdbeda-300x156.jpg\" alt=\"\" width=\"300\" height=\"156\" srcset=\"https:\/\/educas.com.br\/blog\/wp-content\/uploads\/2022\/04\/3b60349d-bd23-41e4-970a-d04a46bdbeda-300x156.jpg 300w, https:\/\/educas.com.br\/blog\/wp-content\/uploads\/2022\/04\/3b60349d-bd23-41e4-970a-d04a46bdbeda-1024x531.jpg 1024w, https:\/\/educas.com.br\/blog\/wp-content\/uploads\/2022\/04\/3b60349d-bd23-41e4-970a-d04a46bdbeda-768x398.jpg 768w, https:\/\/educas.com.br\/blog\/wp-content\/uploads\/2022\/04\/3b60349d-bd23-41e4-970a-d04a46bdbeda.jpg 1205w\" sizes=\"auto, (max-width: 300px) 100vw, 300px\" \/><\/p>\n","protected":false},"excerpt":{"rendered":"<p>Aconteceu hoje, dia 28\/04\/2022, na modalidade online, uma Roda de Conversa do Grupo de Pesquisa Doc\u00eancia, Narrativas e Diversidade na Educa\u00e7\u00e3o B\u00e1sica &#8211; DIVERSO (UNEB), coordenado pela professora Jane Adriana Vasconcelos Pacheco Rios, com o tema:\u201cPesquisar e formar professores pesquisadores em Educa\u00e7\u00e3o: apontamentos sobre a trajet\u00f3ria de um grupo de pesquisa&#8221;.\u00a0A reuni\u00e3o contou com a &hellip;<\/p>\n","protected":false},"author":2,"featured_media":0,"comment_status":"closed","ping_status":"closed","sticky":false,"template":"","format":"standard","meta":{"footnotes":""},"categories":[15],"tags":[],"class_list":["post-1785","post","type-post","status-publish","format-standard","","category-agenda"],"_links":{"self":[{"href":"https:\/\/educas.com.br\/blog\/wp-json\/wp\/v2\/posts\/1785","targetHints":{"allow":["GET"]}}],"collection":[{"href":"https:\/\/educas.com.br\/blog\/wp-json\/wp\/v2\/posts"}],"about":[{"href":"https:\/\/educas.com.br\/blog\/wp-json\/wp\/v2\/types\/post"}],"author":[{"embeddable":true,"href":"https:\/\/educas.com.br\/blog\/wp-json\/wp\/v2\/users\/2"}],"replies":[{"embeddable":true,"href":"https:\/\/educas.com.br\/blog\/wp-json\/wp\/v2\/comments?post=1785"}],"version-history":[{"count":1,"href":"https:\/\/educas.com.br\/blog\/wp-json\/wp\/v2\/posts\/1785\/revisions"}],"predecessor-version":[{"id":1786,"href":"https:\/\/educas.com.br\/blog\/wp-json\/wp\/v2\/posts\/1785\/revisions\/1786"}],"wp:attachment":[{"href":"https:\/\/educas.com.br\/blog\/wp-json\/wp\/v2\/media?parent=1785"}],"wp:term":[{"taxonomy":"category","embeddable":true,"href":"https:\/\/educas.com.br\/blog\/wp-json\/wp\/v2\/categories?post=1785"},{"taxonomy":"post_tag","embeddable":true,"href":"https:\/\/educas.com.br\/blog\/wp-json\/wp\/v2\/tags?post=1785"}],"curies":[{"name":"wp","href":"https:\/\/api.w.org\/{rel}","templated":true}]}}