{"id":1787,"date":"2022-05-02T15:00:25","date_gmt":"2022-05-02T18:00:25","guid":{"rendered":"https:\/\/educas.com.br\/blog\/?p=1787"},"modified":"2022-05-02T15:00:25","modified_gmt":"2022-05-02T18:00:25","slug":"xiii-seminario-nacional-de-formacao-de-professores","status":"publish","type":"post","link":"https:\/\/educas.com.br\/blog\/xiii-seminario-nacional-de-formacao-de-professores\/","title":{"rendered":"XIII SEMIN\u00c1RIO NACIONAL DE FORMA\u00c7\u00c3O DE PROFESSORES"},"content":{"rendered":"<p>Com o tema <strong>&#8220;Forma\u00e7\u00e3o de professores, compromisso social e direito \u00e0 educa\u00e7\u00e3o: (re)construindo uma agenda democr\u00e1tica&#8221;<\/strong>, ocorrer\u00e1, de forma h\u00edbrida, nos dias 21\/09 a 23\/09\/09 (presencial) e 26\/09\/2022 a 28\/09\/2022 (online), o XIII SEMIN\u00c1RIO NACIONAL DE FORMA\u00c7\u00c3O DE PROFESSORES.<\/p>\n<p><strong>O prazo de inscri\u00e7\u00f5es foi prorrogado at\u00e9 o dia 30\/05\/2022!<\/strong><\/p>\n<p>Mais informa\u00e7\u00f5es no site, clicando no link a seguir:\u00a0<a href=\"https:\/\/seminarionacional.anfope.org.br\/\">https:\/\/seminarionacional.anfope.org.br\/<\/a><\/p>\n<p><img loading=\"lazy\" decoding=\"async\" class=\"alignnone  wp-image-1788\" src=\"http:\/\/educas.com.br\/blog\/wp-content\/uploads\/2022\/05\/869927aa-2094-43b6-836a-dfca0631ad98-300x300.jpg\" alt=\"\" width=\"495\" height=\"495\" srcset=\"https:\/\/educas.com.br\/blog\/wp-content\/uploads\/2022\/05\/869927aa-2094-43b6-836a-dfca0631ad98-300x300.jpg 300w, https:\/\/educas.com.br\/blog\/wp-content\/uploads\/2022\/05\/869927aa-2094-43b6-836a-dfca0631ad98-1024x1024.jpg 1024w, https:\/\/educas.com.br\/blog\/wp-content\/uploads\/2022\/05\/869927aa-2094-43b6-836a-dfca0631ad98-150x150.jpg 150w, https:\/\/educas.com.br\/blog\/wp-content\/uploads\/2022\/05\/869927aa-2094-43b6-836a-dfca0631ad98-768x768.jpg 768w, https:\/\/educas.com.br\/blog\/wp-content\/uploads\/2022\/05\/869927aa-2094-43b6-836a-dfca0631ad98.jpg 1080w\" sizes=\"auto, (max-width: 495px) 100vw, 495px\" \/><\/p>\n","protected":false},"excerpt":{"rendered":"<p>Com o tema &#8220;Forma\u00e7\u00e3o de professores, compromisso social e direito \u00e0 educa\u00e7\u00e3o: (re)construindo uma agenda democr\u00e1tica&#8221;, ocorrer\u00e1, de forma h\u00edbrida, nos dias 21\/09 a 23\/09\/09 (presencial) e 26\/09\/2022 a 28\/09\/2022 (online), o XIII SEMIN\u00c1RIO NACIONAL DE FORMA\u00c7\u00c3O DE PROFESSORES. O prazo de inscri\u00e7\u00f5es foi prorrogado at\u00e9 o dia 30\/05\/2022! Mais informa\u00e7\u00f5es no site, clicando no &hellip;<\/p>\n","protected":false},"author":2,"featured_media":0,"comment_status":"closed","ping_status":"closed","sticky":false,"template":"","format":"standard","meta":{"footnotes":""},"categories":[15],"tags":[],"class_list":["post-1787","post","type-post","status-publish","format-standard","","category-agenda"],"_links":{"self":[{"href":"https:\/\/educas.com.br\/blog\/wp-json\/wp\/v2\/posts\/1787","targetHints":{"allow":["GET"]}}],"collection":[{"href":"https:\/\/educas.com.br\/blog\/wp-json\/wp\/v2\/posts"}],"about":[{"href":"https:\/\/educas.com.br\/blog\/wp-json\/wp\/v2\/types\/post"}],"author":[{"embeddable":true,"href":"https:\/\/educas.com.br\/blog\/wp-json\/wp\/v2\/users\/2"}],"replies":[{"embeddable":true,"href":"https:\/\/educas.com.br\/blog\/wp-json\/wp\/v2\/comments?post=1787"}],"version-history":[{"count":1,"href":"https:\/\/educas.com.br\/blog\/wp-json\/wp\/v2\/posts\/1787\/revisions"}],"predecessor-version":[{"id":1789,"href":"https:\/\/educas.com.br\/blog\/wp-json\/wp\/v2\/posts\/1787\/revisions\/1789"}],"wp:attachment":[{"href":"https:\/\/educas.com.br\/blog\/wp-json\/wp\/v2\/media?parent=1787"}],"wp:term":[{"taxonomy":"category","embeddable":true,"href":"https:\/\/educas.com.br\/blog\/wp-json\/wp\/v2\/categories?post=1787"},{"taxonomy":"post_tag","embeddable":true,"href":"https:\/\/educas.com.br\/blog\/wp-json\/wp\/v2\/tags?post=1787"}],"curies":[{"name":"wp","href":"https:\/\/api.w.org\/{rel}","templated":true}]}}