{"id":1815,"date":"2022-10-05T16:48:43","date_gmt":"2022-10-05T19:48:43","guid":{"rendered":"https:\/\/educas.com.br\/blog\/?p=1815"},"modified":"2023-04-25T10:55:59","modified_gmt":"2023-04-25T13:55:59","slug":"primeiro-encontro-do-grupo-educas-no-mes-de-outubro","status":"publish","type":"post","link":"https:\/\/educas.com.br\/blog\/primeiro-encontro-do-grupo-educas-no-mes-de-outubro\/","title":{"rendered":"PRIMEIRO ENCONTRO DO GRUPO EDUCAS NO M\u00caS DE OUTUBRO!"},"content":{"rendered":"<p>Na \u00faltima sexta-feira (30) das 8h30 at\u00e9 11h, ocorreu a reuni\u00e3o mensal de outubro do EDUCAS. Esse encontro se iniciou com a professora Isabel Sabino dando as boas vindas para todos e explicando a import\u00e2ncia da presencialidade desses eventos. A reuni\u00e3o teve como tema &#8220;elabora\u00e7\u00e3o\u00a0 de artigo&#8221; com intergrantes do EDUCAS apresentando seus trabalhos, com a professora Isabel Sabino e os outros orientadores presentes fazendo coment\u00e1rios construtivos sobre os artigos apresentados. O encontro se encerrou com um parab\u00e9ns geral para os aniversariantes dos \u00faltimos meses. Segue foto do momento.<\/p>\n<p><img loading=\"lazy\" decoding=\"async\" class=\"alignnone size-medium wp-image-1816\" src=\"http:\/\/educas.com.br\/blog\/wp-content\/uploads\/2022\/10\/encontro-educas-OUTUBRO-300x225.jpg\" alt=\"\" width=\"300\" height=\"225\" srcset=\"https:\/\/educas.com.br\/blog\/wp-content\/uploads\/2022\/10\/encontro-educas-OUTUBRO-300x225.jpg 300w, https:\/\/educas.com.br\/blog\/wp-content\/uploads\/2022\/10\/encontro-educas-OUTUBRO-1024x768.jpg 1024w, https:\/\/educas.com.br\/blog\/wp-content\/uploads\/2022\/10\/encontro-educas-OUTUBRO-768x576.jpg 768w, https:\/\/educas.com.br\/blog\/wp-content\/uploads\/2022\/10\/encontro-educas-OUTUBRO-1536x1152.jpg 1536w, https:\/\/educas.com.br\/blog\/wp-content\/uploads\/2022\/10\/encontro-educas-OUTUBRO.jpg 1600w\" sizes=\"auto, (max-width: 300px) 100vw, 300px\" \/><\/p>\n<p>&nbsp;<\/p>\n","protected":false},"excerpt":{"rendered":"<p>Na \u00faltima sexta-feira (30) das 8h30 at\u00e9 11h, ocorreu a reuni\u00e3o mensal de outubro do EDUCAS. Esse encontro se iniciou com a professora Isabel Sabino dando as boas vindas para todos e explicando a import\u00e2ncia da presencialidade desses eventos. A reuni\u00e3o teve como tema &#8220;elabora\u00e7\u00e3o\u00a0 de artigo&#8221; com intergrantes do EDUCAS apresentando seus trabalhos, com &hellip;<\/p>\n","protected":false},"author":2,"featured_media":0,"comment_status":"closed","ping_status":"closed","sticky":false,"template":"","format":"standard","meta":{"footnotes":""},"categories":[2],"tags":[],"class_list":["post-1815","post","type-post","status-publish","format-standard","","category-noticias"],"_links":{"self":[{"href":"https:\/\/educas.com.br\/blog\/wp-json\/wp\/v2\/posts\/1815","targetHints":{"allow":["GET"]}}],"collection":[{"href":"https:\/\/educas.com.br\/blog\/wp-json\/wp\/v2\/posts"}],"about":[{"href":"https:\/\/educas.com.br\/blog\/wp-json\/wp\/v2\/types\/post"}],"author":[{"embeddable":true,"href":"https:\/\/educas.com.br\/blog\/wp-json\/wp\/v2\/users\/2"}],"replies":[{"embeddable":true,"href":"https:\/\/educas.com.br\/blog\/wp-json\/wp\/v2\/comments?post=1815"}],"version-history":[{"count":2,"href":"https:\/\/educas.com.br\/blog\/wp-json\/wp\/v2\/posts\/1815\/revisions"}],"predecessor-version":[{"id":1823,"href":"https:\/\/educas.com.br\/blog\/wp-json\/wp\/v2\/posts\/1815\/revisions\/1823"}],"wp:attachment":[{"href":"https:\/\/educas.com.br\/blog\/wp-json\/wp\/v2\/media?parent=1815"}],"wp:term":[{"taxonomy":"category","embeddable":true,"href":"https:\/\/educas.com.br\/blog\/wp-json\/wp\/v2\/categories?post=1815"},{"taxonomy":"post_tag","embeddable":true,"href":"https:\/\/educas.com.br\/blog\/wp-json\/wp\/v2\/tags?post=1815"}],"curies":[{"name":"wp","href":"https:\/\/api.w.org\/{rel}","templated":true}]}}