{"id":1824,"date":"2022-10-17T16:11:04","date_gmt":"2022-10-17T19:11:04","guid":{"rendered":"https:\/\/educas.com.br\/blog\/?p=1824"},"modified":"2023-04-25T10:55:36","modified_gmt":"2023-04-25T13:55:36","slug":"palestra-com-a-professora-marta-olmo-extremera","status":"publish","type":"post","link":"https:\/\/educas.com.br\/blog\/palestra-com-a-professora-marta-olmo-extremera\/","title":{"rendered":"PALESTRA COM A PROFESSORA MARTA OLMO EXTREMERA!"},"content":{"rendered":"<p>Nesta segunda-feira (17\/10) durante o per\u00edodo da tarde no audit\u00f3rio do Centro de Educa\u00e7\u00e3o do PPGE, ocorreu a palestra da professora Dra. Marta Olmo Extremera da Universidad de Granada na Espanha sobre &#8220;A resson\u00e2ncia da pesquisa na forma\u00e7\u00e3o de professores. O encontro aconteceu de forma din\u00e2mica e dial\u00f3gica administrada pela professora, que conduziu de forma enriquecedora o evento. Segue fotos dos momentos!<\/p>\n<p><img loading=\"lazy\" decoding=\"async\" class=\"alignnone size-medium wp-image-1825\" src=\"http:\/\/educas.com.br\/blog\/wp-content\/uploads\/2022\/10\/839d1b53-bf41-48d5-b3aa-f9c03177f49f-300x169.jpg\" alt=\"\" width=\"300\" height=\"169\" srcset=\"https:\/\/educas.com.br\/blog\/wp-content\/uploads\/2022\/10\/839d1b53-bf41-48d5-b3aa-f9c03177f49f-300x169.jpg 300w, https:\/\/educas.com.br\/blog\/wp-content\/uploads\/2022\/10\/839d1b53-bf41-48d5-b3aa-f9c03177f49f-1024x576.jpg 1024w, https:\/\/educas.com.br\/blog\/wp-content\/uploads\/2022\/10\/839d1b53-bf41-48d5-b3aa-f9c03177f49f-768x432.jpg 768w, https:\/\/educas.com.br\/blog\/wp-content\/uploads\/2022\/10\/839d1b53-bf41-48d5-b3aa-f9c03177f49f-1536x864.jpg 1536w, https:\/\/educas.com.br\/blog\/wp-content\/uploads\/2022\/10\/839d1b53-bf41-48d5-b3aa-f9c03177f49f.jpg 1599w\" sizes=\"auto, (max-width: 300px) 100vw, 300px\" \/><\/p>\n<p>]\u00a0 <img loading=\"lazy\" decoding=\"async\" class=\"alignnone size-medium wp-image-1826\" src=\"http:\/\/educas.com.br\/blog\/wp-content\/uploads\/2022\/10\/d76e0a3c-2ba4-4c77-829c-d9e43254fde6-300x225.jpg\" alt=\"\" width=\"300\" height=\"225\" srcset=\"https:\/\/educas.com.br\/blog\/wp-content\/uploads\/2022\/10\/d76e0a3c-2ba4-4c77-829c-d9e43254fde6-300x225.jpg 300w, https:\/\/educas.com.br\/blog\/wp-content\/uploads\/2022\/10\/d76e0a3c-2ba4-4c77-829c-d9e43254fde6-1024x768.jpg 1024w, https:\/\/educas.com.br\/blog\/wp-content\/uploads\/2022\/10\/d76e0a3c-2ba4-4c77-829c-d9e43254fde6-768x576.jpg 768w, https:\/\/educas.com.br\/blog\/wp-content\/uploads\/2022\/10\/d76e0a3c-2ba4-4c77-829c-d9e43254fde6-1536x1152.jpg 1536w, https:\/\/educas.com.br\/blog\/wp-content\/uploads\/2022\/10\/d76e0a3c-2ba4-4c77-829c-d9e43254fde6.jpg 1600w\" sizes=\"auto, (max-width: 300px) 100vw, 300px\" \/><\/p>\n","protected":false},"excerpt":{"rendered":"<p>Nesta segunda-feira (17\/10) durante o per\u00edodo da tarde no audit\u00f3rio do Centro de Educa\u00e7\u00e3o do PPGE, ocorreu a palestra da professora Dra. Marta Olmo Extremera da Universidad de Granada na Espanha sobre &#8220;A resson\u00e2ncia da pesquisa na forma\u00e7\u00e3o de professores. O encontro aconteceu de forma din\u00e2mica e dial\u00f3gica administrada pela professora, que conduziu de forma &hellip;<\/p>\n","protected":false},"author":2,"featured_media":0,"comment_status":"closed","ping_status":"closed","sticky":false,"template":"","format":"standard","meta":{"footnotes":""},"categories":[2],"tags":[],"class_list":["post-1824","post","type-post","status-publish","format-standard","","category-noticias"],"_links":{"self":[{"href":"https:\/\/educas.com.br\/blog\/wp-json\/wp\/v2\/posts\/1824","targetHints":{"allow":["GET"]}}],"collection":[{"href":"https:\/\/educas.com.br\/blog\/wp-json\/wp\/v2\/posts"}],"about":[{"href":"https:\/\/educas.com.br\/blog\/wp-json\/wp\/v2\/types\/post"}],"author":[{"embeddable":true,"href":"https:\/\/educas.com.br\/blog\/wp-json\/wp\/v2\/users\/2"}],"replies":[{"embeddable":true,"href":"https:\/\/educas.com.br\/blog\/wp-json\/wp\/v2\/comments?post=1824"}],"version-history":[{"count":2,"href":"https:\/\/educas.com.br\/blog\/wp-json\/wp\/v2\/posts\/1824\/revisions"}],"predecessor-version":[{"id":1828,"href":"https:\/\/educas.com.br\/blog\/wp-json\/wp\/v2\/posts\/1824\/revisions\/1828"}],"wp:attachment":[{"href":"https:\/\/educas.com.br\/blog\/wp-json\/wp\/v2\/media?parent=1824"}],"wp:term":[{"taxonomy":"category","embeddable":true,"href":"https:\/\/educas.com.br\/blog\/wp-json\/wp\/v2\/categories?post=1824"},{"taxonomy":"post_tag","embeddable":true,"href":"https:\/\/educas.com.br\/blog\/wp-json\/wp\/v2\/tags?post=1824"}],"curies":[{"name":"wp","href":"https:\/\/api.w.org\/{rel}","templated":true}]}}