{"id":1830,"date":"2022-10-25T14:40:58","date_gmt":"2022-10-25T17:40:58","guid":{"rendered":"https:\/\/educas.com.br\/blog\/?p=1830"},"modified":"2023-04-25T10:56:39","modified_gmt":"2023-04-25T13:56:39","slug":"encontro-extra-do-grupo-de-pesquisa-educas","status":"publish","type":"post","link":"https:\/\/educas.com.br\/blog\/encontro-extra-do-grupo-de-pesquisa-educas\/","title":{"rendered":"ENCONTRO EXTRA DO GRUPO DE PESQUISA EDUCAS!"},"content":{"rendered":"<p>Nesta \u00faltima sexta-feira (21\/10) no Audit\u00f3rio do Centro de Educa\u00e7\u00e3o, foi realizado uma reuni\u00e3o extraordin\u00e1ria do grupo EDUCAS com o objetivo de apresentar os artigos dos intergrantes do grupo de pesquisa. O encontro se iniciou com a professora Isabel Sabino dando as boas vindas para todos e explicando o motivo da reuni\u00e3o, refor\u00e7ando a import\u00e2ncia de produzir artigos e marcando a pr\u00f3xima reuni\u00e3o do EDUCAS para o dia 25 de novembro pelo per\u00edodo da tarde.\u00a0Ap\u00f3s as apresenta\u00e7\u00f5es das duplas, houve um lanche coletivo. Seguem fotos da reuni\u00e3o!<\/p>\n<p><img loading=\"lazy\" decoding=\"async\" class=\"alignnone size-medium wp-image-1831\" src=\"http:\/\/educas.com.br\/blog\/wp-content\/uploads\/2022\/10\/WhatsApp-Image-2022-10-24-at-13.21.43-300x225.jpeg\" alt=\"\" width=\"300\" height=\"225\" srcset=\"https:\/\/educas.com.br\/blog\/wp-content\/uploads\/2022\/10\/WhatsApp-Image-2022-10-24-at-13.21.43-300x225.jpeg 300w, https:\/\/educas.com.br\/blog\/wp-content\/uploads\/2022\/10\/WhatsApp-Image-2022-10-24-at-13.21.43-768x577.jpeg 768w, https:\/\/educas.com.br\/blog\/wp-content\/uploads\/2022\/10\/WhatsApp-Image-2022-10-24-at-13.21.43.jpeg 1024w\" sizes=\"auto, (max-width: 300px) 100vw, 300px\" \/><\/p>\n<p><img loading=\"lazy\" decoding=\"async\" class=\"alignnone size-medium wp-image-1832\" src=\"http:\/\/educas.com.br\/blog\/wp-content\/uploads\/2022\/10\/WhatsApp-Image-2022-10-25-at-14.30.43-300x169.jpeg\" alt=\"\" width=\"300\" height=\"169\" srcset=\"https:\/\/educas.com.br\/blog\/wp-content\/uploads\/2022\/10\/WhatsApp-Image-2022-10-25-at-14.30.43-300x169.jpeg 300w, https:\/\/educas.com.br\/blog\/wp-content\/uploads\/2022\/10\/WhatsApp-Image-2022-10-25-at-14.30.43-1024x576.jpeg 1024w, https:\/\/educas.com.br\/blog\/wp-content\/uploads\/2022\/10\/WhatsApp-Image-2022-10-25-at-14.30.43-768x432.jpeg 768w, https:\/\/educas.com.br\/blog\/wp-content\/uploads\/2022\/10\/WhatsApp-Image-2022-10-25-at-14.30.43-1536x864.jpeg 1536w, https:\/\/educas.com.br\/blog\/wp-content\/uploads\/2022\/10\/WhatsApp-Image-2022-10-25-at-14.30.43.jpeg 1599w\" sizes=\"auto, (max-width: 300px) 100vw, 300px\" \/><\/p>\n<p><img loading=\"lazy\" decoding=\"async\" class=\"alignnone size-medium wp-image-1833\" src=\"http:\/\/educas.com.br\/blog\/wp-content\/uploads\/2022\/10\/WhatsApp-Image-2022-10-25-at-14.30.43-1-300x169.jpeg\" alt=\"\" width=\"300\" height=\"169\" srcset=\"https:\/\/educas.com.br\/blog\/wp-content\/uploads\/2022\/10\/WhatsApp-Image-2022-10-25-at-14.30.43-1-300x169.jpeg 300w, https:\/\/educas.com.br\/blog\/wp-content\/uploads\/2022\/10\/WhatsApp-Image-2022-10-25-at-14.30.43-1-1024x576.jpeg 1024w, https:\/\/educas.com.br\/blog\/wp-content\/uploads\/2022\/10\/WhatsApp-Image-2022-10-25-at-14.30.43-1-768x432.jpeg 768w, https:\/\/educas.com.br\/blog\/wp-content\/uploads\/2022\/10\/WhatsApp-Image-2022-10-25-at-14.30.43-1-1536x864.jpeg 1536w, https:\/\/educas.com.br\/blog\/wp-content\/uploads\/2022\/10\/WhatsApp-Image-2022-10-25-at-14.30.43-1.jpeg 1599w\" sizes=\"auto, (max-width: 300px) 100vw, 300px\" \/><\/p>\n","protected":false},"excerpt":{"rendered":"<p>Nesta \u00faltima sexta-feira (21\/10) no Audit\u00f3rio do Centro de Educa\u00e7\u00e3o, foi realizado uma reuni\u00e3o extraordin\u00e1ria do grupo EDUCAS com o objetivo de apresentar os artigos dos intergrantes do grupo de pesquisa. O encontro se iniciou com a professora Isabel Sabino dando as boas vindas para todos e explicando o motivo da reuni\u00e3o, refor\u00e7ando a import\u00e2ncia &hellip;<\/p>\n","protected":false},"author":2,"featured_media":0,"comment_status":"closed","ping_status":"closed","sticky":false,"template":"","format":"standard","meta":{"footnotes":""},"categories":[2],"tags":[],"class_list":["post-1830","post","type-post","status-publish","format-standard","","category-noticias"],"_links":{"self":[{"href":"https:\/\/educas.com.br\/blog\/wp-json\/wp\/v2\/posts\/1830","targetHints":{"allow":["GET"]}}],"collection":[{"href":"https:\/\/educas.com.br\/blog\/wp-json\/wp\/v2\/posts"}],"about":[{"href":"https:\/\/educas.com.br\/blog\/wp-json\/wp\/v2\/types\/post"}],"author":[{"embeddable":true,"href":"https:\/\/educas.com.br\/blog\/wp-json\/wp\/v2\/users\/2"}],"replies":[{"embeddable":true,"href":"https:\/\/educas.com.br\/blog\/wp-json\/wp\/v2\/comments?post=1830"}],"version-history":[{"count":1,"href":"https:\/\/educas.com.br\/blog\/wp-json\/wp\/v2\/posts\/1830\/revisions"}],"predecessor-version":[{"id":1834,"href":"https:\/\/educas.com.br\/blog\/wp-json\/wp\/v2\/posts\/1830\/revisions\/1834"}],"wp:attachment":[{"href":"https:\/\/educas.com.br\/blog\/wp-json\/wp\/v2\/media?parent=1830"}],"wp:term":[{"taxonomy":"category","embeddable":true,"href":"https:\/\/educas.com.br\/blog\/wp-json\/wp\/v2\/categories?post=1830"},{"taxonomy":"post_tag","embeddable":true,"href":"https:\/\/educas.com.br\/blog\/wp-json\/wp\/v2\/tags?post=1830"}],"curies":[{"name":"wp","href":"https:\/\/api.w.org\/{rel}","templated":true}]}}