{"id":1835,"date":"2022-10-26T15:12:30","date_gmt":"2022-10-26T18:12:30","guid":{"rendered":"https:\/\/educas.com.br\/blog\/?p=1835"},"modified":"2023-04-25T10:55:06","modified_gmt":"2023-04-25T13:55:06","slug":"lancamentodossiesobredidatica","status":"publish","type":"post","link":"https:\/\/educas.com.br\/blog\/lancamentodossiesobredidatica\/","title":{"rendered":"LAN\u00c7AMENTO DE DOSSI\u00ca SOBRE DID\u00c1TICA &#8211; IMPERD\u00cdVEL!"},"content":{"rendered":"<p>Professora Isabel Sabino, da Universidade Estadual do Cear\u00e1 e do grupo de pesquisa EDUCAS, junto com a professora M\u00e1rcia Hobold, da Universidade Federal de Santa Catarina \u2013 UFSC apresentam Dossi\u00ea Did\u00e1tica em debate: quest\u00f5es contempor\u00e2neas, com um debate em rela\u00e7\u00e3o \u00e0s contempor\u00e2neas situando tens\u00f5es, potencialidades e perspectivas, que para a Revista Perspectiva da UFSC. Se trata de um dossi\u00ea constitu\u00eddo por oito artigos nacionais e internacionais que evidenciam temas centrais \u00e0 Did\u00e1tica sob o prisma do que, na atualidade, atravessa esse campo de conhecimento e de investiga\u00e7\u00e3o dos fen\u00f4menos pedag\u00f3gicos.<\/p>\n<p class=\"title\">Para acessar:\u00a0<a href=\"https:\/\/periodicos.ufsc.br\/index.php\/perspectiva\/issue\/view\/3337\">https:\/\/periodicos.ufsc.br\/index.php\/perspectiva\/issue\/view\/3337<\/a><\/p>\n","protected":false},"excerpt":{"rendered":"<p>Professora Isabel Sabino, da Universidade Estadual do Cear\u00e1 e do grupo de pesquisa EDUCAS, junto com a professora M\u00e1rcia Hobold, da Universidade Federal de Santa Catarina \u2013 UFSC apresentam Dossi\u00ea Did\u00e1tica em debate: quest\u00f5es contempor\u00e2neas, com um debate em rela\u00e7\u00e3o \u00e0s contempor\u00e2neas situando tens\u00f5es, potencialidades e perspectivas, que para a Revista Perspectiva da UFSC. Se &hellip;<\/p>\n","protected":false},"author":2,"featured_media":0,"comment_status":"closed","ping_status":"closed","sticky":false,"template":"","format":"standard","meta":{"footnotes":""},"categories":[2],"tags":[],"class_list":["post-1835","post","type-post","status-publish","format-standard","","category-noticias"],"_links":{"self":[{"href":"https:\/\/educas.com.br\/blog\/wp-json\/wp\/v2\/posts\/1835","targetHints":{"allow":["GET"]}}],"collection":[{"href":"https:\/\/educas.com.br\/blog\/wp-json\/wp\/v2\/posts"}],"about":[{"href":"https:\/\/educas.com.br\/blog\/wp-json\/wp\/v2\/types\/post"}],"author":[{"embeddable":true,"href":"https:\/\/educas.com.br\/blog\/wp-json\/wp\/v2\/users\/2"}],"replies":[{"embeddable":true,"href":"https:\/\/educas.com.br\/blog\/wp-json\/wp\/v2\/comments?post=1835"}],"version-history":[{"count":2,"href":"https:\/\/educas.com.br\/blog\/wp-json\/wp\/v2\/posts\/1835\/revisions"}],"predecessor-version":[{"id":1837,"href":"https:\/\/educas.com.br\/blog\/wp-json\/wp\/v2\/posts\/1835\/revisions\/1837"}],"wp:attachment":[{"href":"https:\/\/educas.com.br\/blog\/wp-json\/wp\/v2\/media?parent=1835"}],"wp:term":[{"taxonomy":"category","embeddable":true,"href":"https:\/\/educas.com.br\/blog\/wp-json\/wp\/v2\/categories?post=1835"},{"taxonomy":"post_tag","embeddable":true,"href":"https:\/\/educas.com.br\/blog\/wp-json\/wp\/v2\/tags?post=1835"}],"curies":[{"name":"wp","href":"https:\/\/api.w.org\/{rel}","templated":true}]}}