{"id":1929,"date":"2023-06-07T21:59:37","date_gmt":"2023-06-08T00:59:37","guid":{"rendered":"https:\/\/educas.com.br\/blog\/?p=1929"},"modified":"2023-06-07T21:59:37","modified_gmt":"2023-06-08T00:59:37","slug":"educas-recepciona-dois-novos-bolsistas-fecop","status":"publish","type":"post","link":"https:\/\/educas.com.br\/blog\/educas-recepciona-dois-novos-bolsistas-fecop\/","title":{"rendered":"EDUCAS RECEPCIONA DOIS NOVOS BOLSISTAS FECOP"},"content":{"rendered":"<p>Na manh\u00e3 do dia 06\/06\/2023, a professora Isabel Sabino se reuniu na sala do EDUCAS com toda a sua equipe de bolsistas de inicia\u00e7\u00e3o cient\u00edfica, com o intuito de dar as boas vindas aos dois novos bolsistas (FECOP): Jo\u00e3o Victor e Ot\u00e1vio Lucas.<\/p>\n<p>A equipe \u00e9 formada por:<\/p>\n<p>Jo\u00e3o Victor (cursando Hist\u00f3ria na UECE);<\/p>\n<p>Luiza Marcela (cursando Hist\u00f3ria na UECE);<\/p>\n<p>Samily Oliveira (cursando Pedagogia na UECE);<\/p>\n<p>Ot\u00e1vio Lucas (cursando Hist\u00f3ria na UECE).<\/p>\n<p>&nbsp;<\/p>\n<p>Segue uma foto da professora com os 4 bolsistas.<\/p>\n<p><img loading=\"lazy\" decoding=\"async\" class=\"alignnone size-medium wp-image-1930\" src=\"http:\/\/educas.com.br\/blog\/wp-content\/uploads\/2023\/06\/1a5691aa-de4f-4fea-b48e-551a2b175f21-300x135.jpg\" alt=\"\" width=\"300\" height=\"135\" srcset=\"https:\/\/educas.com.br\/blog\/wp-content\/uploads\/2023\/06\/1a5691aa-de4f-4fea-b48e-551a2b175f21-300x135.jpg 300w, https:\/\/educas.com.br\/blog\/wp-content\/uploads\/2023\/06\/1a5691aa-de4f-4fea-b48e-551a2b175f21-1024x461.jpg 1024w, https:\/\/educas.com.br\/blog\/wp-content\/uploads\/2023\/06\/1a5691aa-de4f-4fea-b48e-551a2b175f21-768x346.jpg 768w, https:\/\/educas.com.br\/blog\/wp-content\/uploads\/2023\/06\/1a5691aa-de4f-4fea-b48e-551a2b175f21-1536x691.jpg 1536w, https:\/\/educas.com.br\/blog\/wp-content\/uploads\/2023\/06\/1a5691aa-de4f-4fea-b48e-551a2b175f21.jpg 1600w\" sizes=\"auto, (max-width: 300px) 100vw, 300px\" \/><\/p>\n","protected":false},"excerpt":{"rendered":"<p>Na manh\u00e3 do dia 06\/06\/2023, a professora Isabel Sabino se reuniu na sala do EDUCAS com toda a sua equipe de bolsistas de inicia\u00e7\u00e3o cient\u00edfica, com o intuito de dar as boas vindas aos dois novos bolsistas (FECOP): Jo\u00e3o Victor e Ot\u00e1vio Lucas. A equipe \u00e9 formada por: Jo\u00e3o Victor (cursando Hist\u00f3ria na UECE); Luiza &hellip;<\/p>\n","protected":false},"author":2,"featured_media":0,"comment_status":"closed","ping_status":"closed","sticky":false,"template":"","format":"standard","meta":{"footnotes":""},"categories":[2],"tags":[],"class_list":["post-1929","post","type-post","status-publish","format-standard","","category-noticias"],"_links":{"self":[{"href":"https:\/\/educas.com.br\/blog\/wp-json\/wp\/v2\/posts\/1929","targetHints":{"allow":["GET"]}}],"collection":[{"href":"https:\/\/educas.com.br\/blog\/wp-json\/wp\/v2\/posts"}],"about":[{"href":"https:\/\/educas.com.br\/blog\/wp-json\/wp\/v2\/types\/post"}],"author":[{"embeddable":true,"href":"https:\/\/educas.com.br\/blog\/wp-json\/wp\/v2\/users\/2"}],"replies":[{"embeddable":true,"href":"https:\/\/educas.com.br\/blog\/wp-json\/wp\/v2\/comments?post=1929"}],"version-history":[{"count":1,"href":"https:\/\/educas.com.br\/blog\/wp-json\/wp\/v2\/posts\/1929\/revisions"}],"predecessor-version":[{"id":1931,"href":"https:\/\/educas.com.br\/blog\/wp-json\/wp\/v2\/posts\/1929\/revisions\/1931"}],"wp:attachment":[{"href":"https:\/\/educas.com.br\/blog\/wp-json\/wp\/v2\/media?parent=1929"}],"wp:term":[{"taxonomy":"category","embeddable":true,"href":"https:\/\/educas.com.br\/blog\/wp-json\/wp\/v2\/categories?post=1929"},{"taxonomy":"post_tag","embeddable":true,"href":"https:\/\/educas.com.br\/blog\/wp-json\/wp\/v2\/tags?post=1929"}],"curies":[{"name":"wp","href":"https:\/\/api.w.org\/{rel}","templated":true}]}}