{"id":1966,"date":"2023-08-14T11:46:56","date_gmt":"2023-08-14T14:46:56","guid":{"rendered":"https:\/\/educas.com.br\/blog\/?p=1966"},"modified":"2023-08-14T11:55:16","modified_gmt":"2023-08-14T14:55:16","slug":"educas-vai-ao-uruguai-missao-de-pesquisa-na-universidad-ort-uruguai","status":"publish","type":"post","link":"https:\/\/educas.com.br\/blog\/educas-vai-ao-uruguai-missao-de-pesquisa-na-universidad-ort-uruguai\/","title":{"rendered":"EDUCAS vai ao Uruguai: Miss\u00e3o de pesquisa na Universidad ORT Uruguai"},"content":{"rendered":"<p>Em viagem de interc\u00e2mbio cultural e cient\u00edfico, grupo de pesquisa EDUCAS vai ao Uruguai, visitar a Universidad ORT Uruguai.<\/p>\n<p>A equipe de pesquisadores viajantes \u00e9 composta por:<\/p>\n<ul>\n<li>Profa. Isabel Sabino (l\u00edder do grupo de pesquisa EDUCAS);<\/li>\n<li>Profa. Giovana Falc\u00e3o;<\/li>\n<li>Prof. Nilson Cardoso;<\/li>\n<li>Profa. Lyanna Leal;<\/li>\n<li>Prof. Ant\u00f4nio Carlos;<\/li>\n<li>Profa. Sandy Lima;<\/li>\n<li>Profa. Nara Lima;<\/li>\n<li>Profa. Geandra Cl\u00e1udia.<\/li>\n<\/ul>\n<p>Logo no primeiro dia o grupo foi recebido pela reitora da Universidade ORT Uruguai, profa. Denise Vaillant. Seguem registros do encontro.<\/p>\n<p><img loading=\"lazy\" decoding=\"async\" class=\"alignnone wp-image-1967\" src=\"http:\/\/educas.com.br\/blog\/wp-content\/uploads\/2023\/08\/Post-bege-e-branco-para-colagem-de-fotos-240x300.png\" alt=\"\" width=\"559\" height=\"699\" srcset=\"https:\/\/educas.com.br\/blog\/wp-content\/uploads\/2023\/08\/Post-bege-e-branco-para-colagem-de-fotos-240x300.png 240w, https:\/\/educas.com.br\/blog\/wp-content\/uploads\/2023\/08\/Post-bege-e-branco-para-colagem-de-fotos-819x1024.png 819w, https:\/\/educas.com.br\/blog\/wp-content\/uploads\/2023\/08\/Post-bege-e-branco-para-colagem-de-fotos-768x960.png 768w, https:\/\/educas.com.br\/blog\/wp-content\/uploads\/2023\/08\/Post-bege-e-branco-para-colagem-de-fotos.png 1080w\" sizes=\"auto, (max-width: 559px) 100vw, 559px\" \/><\/p>\n<p>A programa\u00e7\u00e3o da miss\u00e3o \u00e9 intensa. Segue a agenda cumprida pelos integrantes participantes.<\/p>\n<p>08 de agosto:<\/p>\n<ul>\n<li>Acolhida da equipe da UECE pelo Instituto de Educa\u00e7\u00e3o com a Decana U. Ort Dra. Denise Vaillant<\/li>\n<li>Apresenta\u00e7\u00e3o do Sistema Educacional Uruguaio<\/li>\n<li>Apresenta\u00e7\u00e3o do Sistema Educacional Brasileiro Interc\u00e2mbio sobre as linhas de investiga\u00e7\u00f5es Brasil-Uruguai<\/li>\n<\/ul>\n<p>09 de agosto<\/p>\n<ul>\n<li>Atividade no Departamento de Florida<\/li>\n<li>Interc\u00e2mbios com a equipe do CERP do centro<\/li>\n<li>Interc\u00e2mbio com estudantes e professores<\/li>\n<li>Visita a uma escola Interc\u00e2mbio com equipes de investiga\u00e7\u00e3o<\/li>\n<\/ul>\n<p>10 de agosto<\/p>\n<ul>\n<li>Visita ao Conselho de Forma\u00e7\u00e3o em Educa\u00e7\u00e3o (Recepcionados pelo presidente Mag. Victor Pizzillo)<\/li>\n<li>Entrevista com Lic. Yael Ferreira<\/li>\n<li>Conversa sobre a Intelig\u00eancia Artificial na Forma\u00e7\u00e3o em Educa\u00e7\u00e3o organizada por formadoras do CERP Centro, IFD da Florida, IFD San Jos\u00e9 CERP de Atl\u00e1ntida<\/li>\n<\/ul>\n<p>11 de agosto<\/p>\n<ul>\n<li>Avalia\u00e7\u00e3o das atividades realizadas o proje\u00e7\u00f5es de parcerias<\/li>\n<\/ul>\n<p>12 e 13 de agosto<\/p>\n<ul>\n<li>Agenda Cultural &#8211; Montevid\u00e9u<\/li>\n<\/ul>\n<p>Translado<\/p>\n<ul>\n<li>Fortaleza\/Montevid\u00e9u &#8211; 06 o 07 de agosto<\/li>\n<li>Montevid\u00e9u\/Fortaleza &#8211; 14 de agosto<\/li>\n<\/ul>\n","protected":false},"excerpt":{"rendered":"<p>Em viagem de interc\u00e2mbio cultural e cient\u00edfico, grupo de pesquisa EDUCAS vai ao Uruguai, visitar a Universidad ORT Uruguai. A equipe de pesquisadores viajantes \u00e9 composta por: Profa. Isabel Sabino (l\u00edder do grupo de pesquisa EDUCAS); Profa. Giovana Falc\u00e3o; Prof. Nilson Cardoso; Profa. Lyanna Leal; Prof. Ant\u00f4nio Carlos; Profa. Sandy Lima; Profa. Nara Lima; Profa. &hellip;<\/p>\n","protected":false},"author":2,"featured_media":0,"comment_status":"closed","ping_status":"closed","sticky":false,"template":"","format":"standard","meta":{"footnotes":""},"categories":[15,46,2],"tags":[],"class_list":["post-1966","post","type-post","status-publish","format-standard","","category-agenda","category-galeria-de-fotos","category-noticias"],"_links":{"self":[{"href":"https:\/\/educas.com.br\/blog\/wp-json\/wp\/v2\/posts\/1966","targetHints":{"allow":["GET"]}}],"collection":[{"href":"https:\/\/educas.com.br\/blog\/wp-json\/wp\/v2\/posts"}],"about":[{"href":"https:\/\/educas.com.br\/blog\/wp-json\/wp\/v2\/types\/post"}],"author":[{"embeddable":true,"href":"https:\/\/educas.com.br\/blog\/wp-json\/wp\/v2\/users\/2"}],"replies":[{"embeddable":true,"href":"https:\/\/educas.com.br\/blog\/wp-json\/wp\/v2\/comments?post=1966"}],"version-history":[{"count":2,"href":"https:\/\/educas.com.br\/blog\/wp-json\/wp\/v2\/posts\/1966\/revisions"}],"predecessor-version":[{"id":1969,"href":"https:\/\/educas.com.br\/blog\/wp-json\/wp\/v2\/posts\/1966\/revisions\/1969"}],"wp:attachment":[{"href":"https:\/\/educas.com.br\/blog\/wp-json\/wp\/v2\/media?parent=1966"}],"wp:term":[{"taxonomy":"category","embeddable":true,"href":"https:\/\/educas.com.br\/blog\/wp-json\/wp\/v2\/categories?post=1966"},{"taxonomy":"post_tag","embeddable":true,"href":"https:\/\/educas.com.br\/blog\/wp-json\/wp\/v2\/tags?post=1966"}],"curies":[{"name":"wp","href":"https:\/\/api.w.org\/{rel}","templated":true}]}}