{"id":1993,"date":"2024-01-09T18:19:09","date_gmt":"2024-01-09T21:19:09","guid":{"rendered":"https:\/\/educas.com.br\/blog\/?p=1993"},"modified":"2024-01-09T18:19:15","modified_gmt":"2024-01-09T21:19:15","slug":"datas-importantes-do-v-simposio-de-grupos-de-pesquisa-sobre-formacao-de-professores-do-brasil-as-inscricoes-da-primeira-chamada-com-desconto-sera-ate-dia-29-de-janeiro-inscricoes-segunda-chamada-a","status":"publish","type":"post","link":"https:\/\/educas.com.br\/blog\/datas-importantes-do-v-simposio-de-grupos-de-pesquisa-sobre-formacao-de-professores-do-brasil-as-inscricoes-da-primeira-chamada-com-desconto-sera-ate-dia-29-de-janeiro-inscricoes-segunda-chamada-a\/","title":{"rendered":"Datas importantes do V Simp\u00f3sio de Grupos de Pesquisa sobre Forma\u00e7\u00e3o de Professores do Brasil. As inscri\u00e7\u00f5es da primeira chamada, com desconto, ser\u00e1 at\u00e9 dia 29 de janeiro; inscri\u00e7\u00f5es segunda chamada at\u00e9 dia 14 de maio; submiss\u00f5es at\u00e9 dia 29 de fevereiro; e o in\u00edcio do evento dia 15 de maio."},"content":{"rendered":"<p><img loading=\"lazy\" decoding=\"async\" class=\"alignnone size-medium wp-image-1994\" src=\"http:\/\/educas.com.br\/blog\/wp-content\/uploads\/2024\/01\/simposio-blog-2-300x207.jpg\" alt=\"\" width=\"300\" height=\"207\" srcset=\"https:\/\/educas.com.br\/blog\/wp-content\/uploads\/2024\/01\/simposio-blog-2-300x207.jpg 300w, https:\/\/educas.com.br\/blog\/wp-content\/uploads\/2024\/01\/simposio-blog-2-768x531.jpg 768w, https:\/\/educas.com.br\/blog\/wp-content\/uploads\/2024\/01\/simposio-blog-2-110x75.jpg 110w, https:\/\/educas.com.br\/blog\/wp-content\/uploads\/2024\/01\/simposio-blog-2.jpg 1013w\" sizes=\"auto, (max-width: 300px) 100vw, 300px\" \/><\/p>\n","protected":false},"excerpt":{"rendered":"","protected":false},"author":2,"featured_media":0,"comment_status":"closed","ping_status":"closed","sticky":false,"template":"","format":"standard","meta":{"footnotes":""},"categories":[1],"tags":[],"class_list":["post-1993","post","type-post","status-publish","format-standard","","category-praticasformativas"],"_links":{"self":[{"href":"https:\/\/educas.com.br\/blog\/wp-json\/wp\/v2\/posts\/1993","targetHints":{"allow":["GET"]}}],"collection":[{"href":"https:\/\/educas.com.br\/blog\/wp-json\/wp\/v2\/posts"}],"about":[{"href":"https:\/\/educas.com.br\/blog\/wp-json\/wp\/v2\/types\/post"}],"author":[{"embeddable":true,"href":"https:\/\/educas.com.br\/blog\/wp-json\/wp\/v2\/users\/2"}],"replies":[{"embeddable":true,"href":"https:\/\/educas.com.br\/blog\/wp-json\/wp\/v2\/comments?post=1993"}],"version-history":[{"count":1,"href":"https:\/\/educas.com.br\/blog\/wp-json\/wp\/v2\/posts\/1993\/revisions"}],"predecessor-version":[{"id":1995,"href":"https:\/\/educas.com.br\/blog\/wp-json\/wp\/v2\/posts\/1993\/revisions\/1995"}],"wp:attachment":[{"href":"https:\/\/educas.com.br\/blog\/wp-json\/wp\/v2\/media?parent=1993"}],"wp:term":[{"taxonomy":"category","embeddable":true,"href":"https:\/\/educas.com.br\/blog\/wp-json\/wp\/v2\/categories?post=1993"},{"taxonomy":"post_tag","embeddable":true,"href":"https:\/\/educas.com.br\/blog\/wp-json\/wp\/v2\/tags?post=1993"}],"curies":[{"name":"wp","href":"https:\/\/api.w.org\/{rel}","templated":true}]}}