{"id":2021,"date":"2024-02-28T16:38:39","date_gmt":"2024-02-28T19:38:39","guid":{"rendered":"https:\/\/educas.com.br\/blog\/?p=2021"},"modified":"2024-02-28T16:38:39","modified_gmt":"2024-02-28T19:38:39","slug":"aconteceu-a-primeira-reuniao-de-2024-do-educas","status":"publish","type":"post","link":"https:\/\/educas.com.br\/blog\/aconteceu-a-primeira-reuniao-de-2024-do-educas\/","title":{"rendered":"ACONTECEU A PRIMEIRA REUNI\u00c3O DE 2024 DO EDUCAS"},"content":{"rendered":"<p>Nesse dia 28\/02 o grupo EDUCAS retomou suas atividades, acolhendo a Turma 2024 de mestrandos e doutorandos e de novos bolsistas de inicia\u00e7\u00e3o cient\u00edfica.<\/p>\n<p><img loading=\"lazy\" decoding=\"async\" class=\"alignnone size-medium wp-image-2023\" src=\"http:\/\/educas.com.br\/blog\/wp-content\/uploads\/2024\/02\/WhatsApp-Image-2024-02-28-at-15.59.56-300x225.jpeg\" alt=\"\" width=\"300\" height=\"225\" srcset=\"https:\/\/educas.com.br\/blog\/wp-content\/uploads\/2024\/02\/WhatsApp-Image-2024-02-28-at-15.59.56-300x225.jpeg 300w, https:\/\/educas.com.br\/blog\/wp-content\/uploads\/2024\/02\/WhatsApp-Image-2024-02-28-at-15.59.56-1024x768.jpeg 1024w, https:\/\/educas.com.br\/blog\/wp-content\/uploads\/2024\/02\/WhatsApp-Image-2024-02-28-at-15.59.56-768x576.jpeg 768w, https:\/\/educas.com.br\/blog\/wp-content\/uploads\/2024\/02\/WhatsApp-Image-2024-02-28-at-15.59.56.jpeg 1280w\" sizes=\"auto, (max-width: 300px) 100vw, 300px\" \/><\/p>\n<p><img loading=\"lazy\" decoding=\"async\" class=\"alignnone size-medium wp-image-2022\" src=\"http:\/\/educas.com.br\/blog\/wp-content\/uploads\/2024\/02\/WhatsApp-Image-2024-02-28-at-15.59.56-1-300x169.jpeg\" alt=\"\" width=\"300\" height=\"169\" srcset=\"https:\/\/educas.com.br\/blog\/wp-content\/uploads\/2024\/02\/WhatsApp-Image-2024-02-28-at-15.59.56-1-300x169.jpeg 300w, https:\/\/educas.com.br\/blog\/wp-content\/uploads\/2024\/02\/WhatsApp-Image-2024-02-28-at-15.59.56-1-1024x576.jpeg 1024w, https:\/\/educas.com.br\/blog\/wp-content\/uploads\/2024\/02\/WhatsApp-Image-2024-02-28-at-15.59.56-1-768x432.jpeg 768w, https:\/\/educas.com.br\/blog\/wp-content\/uploads\/2024\/02\/WhatsApp-Image-2024-02-28-at-15.59.56-1.jpeg 1280w\" sizes=\"auto, (max-width: 300px) 100vw, 300px\" \/><\/p>\n","protected":false},"excerpt":{"rendered":"<p>Nesse dia 28\/02 o grupo EDUCAS retomou suas atividades, acolhendo a Turma 2024 de mestrandos e doutorandos e de novos bolsistas de inicia\u00e7\u00e3o cient\u00edfica.<\/p>\n","protected":false},"author":2,"featured_media":0,"comment_status":"closed","ping_status":"closed","sticky":false,"template":"","format":"standard","meta":{"footnotes":""},"categories":[1],"tags":[],"class_list":["post-2021","post","type-post","status-publish","format-standard","","category-praticasformativas"],"_links":{"self":[{"href":"https:\/\/educas.com.br\/blog\/wp-json\/wp\/v2\/posts\/2021","targetHints":{"allow":["GET"]}}],"collection":[{"href":"https:\/\/educas.com.br\/blog\/wp-json\/wp\/v2\/posts"}],"about":[{"href":"https:\/\/educas.com.br\/blog\/wp-json\/wp\/v2\/types\/post"}],"author":[{"embeddable":true,"href":"https:\/\/educas.com.br\/blog\/wp-json\/wp\/v2\/users\/2"}],"replies":[{"embeddable":true,"href":"https:\/\/educas.com.br\/blog\/wp-json\/wp\/v2\/comments?post=2021"}],"version-history":[{"count":2,"href":"https:\/\/educas.com.br\/blog\/wp-json\/wp\/v2\/posts\/2021\/revisions"}],"predecessor-version":[{"id":2025,"href":"https:\/\/educas.com.br\/blog\/wp-json\/wp\/v2\/posts\/2021\/revisions\/2025"}],"wp:attachment":[{"href":"https:\/\/educas.com.br\/blog\/wp-json\/wp\/v2\/media?parent=2021"}],"wp:term":[{"taxonomy":"category","embeddable":true,"href":"https:\/\/educas.com.br\/blog\/wp-json\/wp\/v2\/categories?post=2021"},{"taxonomy":"post_tag","embeddable":true,"href":"https:\/\/educas.com.br\/blog\/wp-json\/wp\/v2\/tags?post=2021"}],"curies":[{"name":"wp","href":"https:\/\/api.w.org\/{rel}","templated":true}]}}