{"id":2127,"date":"2024-09-20T10:27:43","date_gmt":"2024-09-20T13:27:43","guid":{"rendered":"https:\/\/educas.com.br\/blog\/?p=2127"},"modified":"2024-09-20T10:27:43","modified_gmt":"2024-09-20T13:27:43","slug":"integrantes-do-educas-marcam-presenca-no-conedu-2024","status":"publish","type":"post","link":"https:\/\/educas.com.br\/blog\/integrantes-do-educas-marcam-presenca-no-conedu-2024\/","title":{"rendered":"Integrantes do EDUCAS marcam presen\u00e7a no CONEDU 2024!"},"content":{"rendered":"\r\n<p>O X Congresso Nacional de Educa\u00e7\u00e3o &#8211; CONEDU, come\u00e7ou ontem, dia 19 e encerrar\u00e1 no dia 21 de Setembro de 2024, o evento acontece no Centro de Eventos de Fortaleza e traz como tema central: &#8220;Contrastes, diversidade, inclus\u00e3o: a educa\u00e7\u00e3o no pr\u00f3ximo dec\u00eanio&#8221;. O CONEDU 2024, em sua d\u00e9cima edi\u00e7\u00e3o, nos provoca a pensar a educa\u00e7\u00e3o com o seu papel transformador e potencializador de uma sociedade mais inclusiva, humanit\u00e1ria e pensada na diferen\u00e7a pela diferen\u00e7a. A diversidade nos completa.<\/p>\r\n<p>Alguns integrantes do EDUCAS est\u00e3o participando do evento e fizeram quest\u00e3o de registrar esse momento especial. <br \/><br \/>Fonte: https:\/\/www.conedu.com.br\/sobre-evento<\/p>\r\n<p><img loading=\"lazy\" decoding=\"async\" class=\"alignnone size-medium wp-image-2144\" src=\"http:\/\/educas.com.br\/blog\/wp-content\/uploads\/2024\/09\/WhatsApp-Image-2024-09-20-at-10.07.13-1-300x225.jpeg\" alt=\"\" width=\"300\" height=\"225\" srcset=\"https:\/\/educas.com.br\/blog\/wp-content\/uploads\/2024\/09\/WhatsApp-Image-2024-09-20-at-10.07.13-1-300x225.jpeg 300w, https:\/\/educas.com.br\/blog\/wp-content\/uploads\/2024\/09\/WhatsApp-Image-2024-09-20-at-10.07.13-1-1024x768.jpeg 1024w, https:\/\/educas.com.br\/blog\/wp-content\/uploads\/2024\/09\/WhatsApp-Image-2024-09-20-at-10.07.13-1-768x576.jpeg 768w, https:\/\/educas.com.br\/blog\/wp-content\/uploads\/2024\/09\/WhatsApp-Image-2024-09-20-at-10.07.13-1-1536x1152.jpeg 1536w, https:\/\/educas.com.br\/blog\/wp-content\/uploads\/2024\/09\/WhatsApp-Image-2024-09-20-at-10.07.13-1.jpeg 1600w\" sizes=\"auto, (max-width: 300px) 100vw, 300px\" \/><\/p>\r\n<p><img loading=\"lazy\" decoding=\"async\" class=\"alignnone size-medium wp-image-2145\" src=\"http:\/\/educas.com.br\/blog\/wp-content\/uploads\/2024\/09\/WhatsApp-Image-2024-09-20-at-10.07.13-225x300.jpeg\" alt=\"\" width=\"225\" height=\"300\" srcset=\"https:\/\/educas.com.br\/blog\/wp-content\/uploads\/2024\/09\/WhatsApp-Image-2024-09-20-at-10.07.13-225x300.jpeg 225w, https:\/\/educas.com.br\/blog\/wp-content\/uploads\/2024\/09\/WhatsApp-Image-2024-09-20-at-10.07.13-768x1024.jpeg 768w, https:\/\/educas.com.br\/blog\/wp-content\/uploads\/2024\/09\/WhatsApp-Image-2024-09-20-at-10.07.13-1152x1536.jpeg 1152w, https:\/\/educas.com.br\/blog\/wp-content\/uploads\/2024\/09\/WhatsApp-Image-2024-09-20-at-10.07.13.jpeg 1200w\" sizes=\"auto, (max-width: 225px) 100vw, 225px\" \/><\/p>\r\n<p><img loading=\"lazy\" decoding=\"async\" class=\"alignnone size-medium wp-image-2146\" src=\"http:\/\/educas.com.br\/blog\/wp-content\/uploads\/2024\/09\/WhatsApp-Image-2024-09-20-at-10.07.12-225x300.jpeg\" alt=\"\" width=\"225\" height=\"300\" srcset=\"https:\/\/educas.com.br\/blog\/wp-content\/uploads\/2024\/09\/WhatsApp-Image-2024-09-20-at-10.07.12-225x300.jpeg 225w, https:\/\/educas.com.br\/blog\/wp-content\/uploads\/2024\/09\/WhatsApp-Image-2024-09-20-at-10.07.12-768x1024.jpeg 768w, https:\/\/educas.com.br\/blog\/wp-content\/uploads\/2024\/09\/WhatsApp-Image-2024-09-20-at-10.07.12-1152x1536.jpeg 1152w, https:\/\/educas.com.br\/blog\/wp-content\/uploads\/2024\/09\/WhatsApp-Image-2024-09-20-at-10.07.12.jpeg 1200w\" sizes=\"auto, (max-width: 225px) 100vw, 225px\" \/><\/p>\r\n<p><img loading=\"lazy\" decoding=\"async\" class=\"alignnone size-medium wp-image-2143\" src=\"http:\/\/educas.com.br\/blog\/wp-content\/uploads\/2024\/09\/WhatsApp-Image-2024-09-20-at-10.07.14-225x300.jpeg\" alt=\"\" width=\"225\" height=\"300\" srcset=\"https:\/\/educas.com.br\/blog\/wp-content\/uploads\/2024\/09\/WhatsApp-Image-2024-09-20-at-10.07.14-225x300.jpeg 225w, https:\/\/educas.com.br\/blog\/wp-content\/uploads\/2024\/09\/WhatsApp-Image-2024-09-20-at-10.07.14-768x1024.jpeg 768w, https:\/\/educas.com.br\/blog\/wp-content\/uploads\/2024\/09\/WhatsApp-Image-2024-09-20-at-10.07.14-1152x1536.jpeg 1152w, https:\/\/educas.com.br\/blog\/wp-content\/uploads\/2024\/09\/WhatsApp-Image-2024-09-20-at-10.07.14.jpeg 1200w\" sizes=\"auto, (max-width: 225px) 100vw, 225px\" \/><\/p>\r\n<p>&nbsp;<\/p>\r\n","protected":false},"excerpt":{"rendered":"<p>O X Congresso Nacional de Educa\u00e7\u00e3o &#8211; CONEDU, come\u00e7ou ontem, dia 19 e encerrar\u00e1 no dia 21 de Setembro de 2024, o evento acontece no Centro de Eventos de Fortaleza e traz como tema central: &#8220;Contrastes, diversidade, inclus\u00e3o: a educa\u00e7\u00e3o no pr\u00f3ximo dec\u00eanio&#8221;. O CONEDU 2024, em sua d\u00e9cima edi\u00e7\u00e3o, nos provoca a pensar a &hellip;<\/p>\n","protected":false},"author":2,"featured_media":0,"comment_status":"closed","ping_status":"closed","sticky":false,"template":"","format":"standard","meta":{"footnotes":""},"categories":[1],"tags":[],"class_list":["post-2127","post","type-post","status-publish","format-standard","","category-praticasformativas"],"_links":{"self":[{"href":"https:\/\/educas.com.br\/blog\/wp-json\/wp\/v2\/posts\/2127","targetHints":{"allow":["GET"]}}],"collection":[{"href":"https:\/\/educas.com.br\/blog\/wp-json\/wp\/v2\/posts"}],"about":[{"href":"https:\/\/educas.com.br\/blog\/wp-json\/wp\/v2\/types\/post"}],"author":[{"embeddable":true,"href":"https:\/\/educas.com.br\/blog\/wp-json\/wp\/v2\/users\/2"}],"replies":[{"embeddable":true,"href":"https:\/\/educas.com.br\/blog\/wp-json\/wp\/v2\/comments?post=2127"}],"version-history":[{"count":3,"href":"https:\/\/educas.com.br\/blog\/wp-json\/wp\/v2\/posts\/2127\/revisions"}],"predecessor-version":[{"id":2148,"href":"https:\/\/educas.com.br\/blog\/wp-json\/wp\/v2\/posts\/2127\/revisions\/2148"}],"wp:attachment":[{"href":"https:\/\/educas.com.br\/blog\/wp-json\/wp\/v2\/media?parent=2127"}],"wp:term":[{"taxonomy":"category","embeddable":true,"href":"https:\/\/educas.com.br\/blog\/wp-json\/wp\/v2\/categories?post=2127"},{"taxonomy":"post_tag","embeddable":true,"href":"https:\/\/educas.com.br\/blog\/wp-json\/wp\/v2\/tags?post=2127"}],"curies":[{"name":"wp","href":"https:\/\/api.w.org\/{rel}","templated":true}]}}