{"id":2188,"date":"2024-10-25T09:59:20","date_gmt":"2024-10-25T12:59:20","guid":{"rendered":"https:\/\/educas.com.br\/blog\/?p=2188"},"modified":"2024-10-25T10:17:59","modified_gmt":"2024-10-25T13:17:59","slug":"integrante-do-educas-compartilha-experiencia-do-pibid-no-xv-encontro-de-iniciacao-a-docencia","status":"publish","type":"post","link":"https:\/\/educas.com.br\/blog\/integrante-do-educas-compartilha-experiencia-do-pibid-no-xv-encontro-de-iniciacao-a-docencia\/","title":{"rendered":"L\u00edder do Educas compartilha experi\u00eancia do PIBID no XV Encontro de Inicia\u00e7\u00e3o \u00e0 Doc\u00eancia"},"content":{"rendered":"<p>Acesse o link abaixo e saiba mais:<br \/>\n<a href=\"https:\/\/www.uece.br\/noticias\/encontro-de-iniciacao-a-docencia-recebe-convidados-para-troca-de-experiencias-nos-15-anos-do-pibid\/\">https:\/\/www.uece.br\/noticias\/encontro-de-iniciacao-a-docencia-recebe-convidados-para-troca-de-experiencias-nos-15-anos-do-pibid\/<\/a><\/p>\n","protected":false},"excerpt":{"rendered":"<p>Acesse o link abaixo e saiba mais: https:\/\/www.uece.br\/noticias\/encontro-de-iniciacao-a-docencia-recebe-convidados-para-troca-de-experiencias-nos-15-anos-do-pibid\/<\/p>\n","protected":false},"author":2,"featured_media":0,"comment_status":"closed","ping_status":"closed","sticky":false,"template":"","format":"standard","meta":{"footnotes":""},"categories":[2],"tags":[],"class_list":["post-2188","post","type-post","status-publish","format-standard","","category-noticias"],"_links":{"self":[{"href":"https:\/\/educas.com.br\/blog\/wp-json\/wp\/v2\/posts\/2188","targetHints":{"allow":["GET"]}}],"collection":[{"href":"https:\/\/educas.com.br\/blog\/wp-json\/wp\/v2\/posts"}],"about":[{"href":"https:\/\/educas.com.br\/blog\/wp-json\/wp\/v2\/types\/post"}],"author":[{"embeddable":true,"href":"https:\/\/educas.com.br\/blog\/wp-json\/wp\/v2\/users\/2"}],"replies":[{"embeddable":true,"href":"https:\/\/educas.com.br\/blog\/wp-json\/wp\/v2\/comments?post=2188"}],"version-history":[{"count":2,"href":"https:\/\/educas.com.br\/blog\/wp-json\/wp\/v2\/posts\/2188\/revisions"}],"predecessor-version":[{"id":2190,"href":"https:\/\/educas.com.br\/blog\/wp-json\/wp\/v2\/posts\/2188\/revisions\/2190"}],"wp:attachment":[{"href":"https:\/\/educas.com.br\/blog\/wp-json\/wp\/v2\/media?parent=2188"}],"wp:term":[{"taxonomy":"category","embeddable":true,"href":"https:\/\/educas.com.br\/blog\/wp-json\/wp\/v2\/categories?post=2188"},{"taxonomy":"post_tag","embeddable":true,"href":"https:\/\/educas.com.br\/blog\/wp-json\/wp\/v2\/tags?post=2188"}],"curies":[{"name":"wp","href":"https:\/\/api.w.org\/{rel}","templated":true}]}}