{"id":30,"date":"2008-03-22T15:09:28","date_gmt":"2008-03-22T18:09:28","guid":{"rendered":"http:\/\/educas.com.br\/blog\/?p=30"},"modified":"2008-03-22T15:09:28","modified_gmt":"2008-03-22T18:09:28","slug":"inovacao-mudanca-e-cultura-docente","status":"publish","type":"post","link":"https:\/\/educas.com.br\/blog\/inovacao-mudanca-e-cultura-docente\/","title":{"rendered":"Inova\u00e7\u00e3o, mudan\u00e7a e cultura docente"},"content":{"rendered":"<p><a href=\"http:\/\/educas.com.br\/blog\/wp-content\/uploads\/2008\/03\/livro_inovacao.jpg\" title=\"livro_inovacao.jpg\"><\/a><img decoding=\"async\" align=\"left\" src=\"http:\/\/educas.com.br\/blog\/wp-content\/uploads\/2008\/03\/livro_inovacao.jpg\" alt=\"livro_inovacao.jpg\" \/>Inova\u00e7\u00e3o, mudan\u00e7a e cultura docente<br \/>\n<em>Resultado de cuidadosa investiga\u00e7\u00e3o, este livro apresenta um mergulho na vida dos professores na escola. Os processos de inova\u00e7\u00e3o e mudan\u00e7a e a cultura docente s\u00e3o analisados \u00e0 luz da pr\u00e1tica profissional dos professores.<br \/>\n<\/em>:: Ano: 2006<br \/>\n:: Autora: Isabel Maria Sabino de Farias<br \/>\n:: Editora: Liber Livro<br \/>\n:: P\u00e1ginas: 216<\/p>\n","protected":false},"excerpt":{"rendered":"<p>Inova\u00e7\u00e3o, mudan\u00e7a e cultura docente Resultado de cuidadosa investiga\u00e7\u00e3o, este livro apresenta um mergulho na vida dos professores na escola. Os processos de inova\u00e7\u00e3o e mudan\u00e7a e a cultura docente s\u00e3o analisados \u00e0 luz da pr\u00e1tica profissional dos professores. :: Ano: 2006 :: Autora: Isabel Maria Sabino de Farias :: Editora: Liber Livro :: P\u00e1ginas: &hellip;<\/p>\n","protected":false},"author":2,"featured_media":0,"comment_status":"open","ping_status":"open","sticky":false,"template":"","format":"standard","meta":{"footnotes":""},"categories":[4],"tags":[],"class_list":["post-30","post","type-post","status-publish","format-standard","","category-livroscapitulos-de-livro"],"_links":{"self":[{"href":"https:\/\/educas.com.br\/blog\/wp-json\/wp\/v2\/posts\/30","targetHints":{"allow":["GET"]}}],"collection":[{"href":"https:\/\/educas.com.br\/blog\/wp-json\/wp\/v2\/posts"}],"about":[{"href":"https:\/\/educas.com.br\/blog\/wp-json\/wp\/v2\/types\/post"}],"author":[{"embeddable":true,"href":"https:\/\/educas.com.br\/blog\/wp-json\/wp\/v2\/users\/2"}],"replies":[{"embeddable":true,"href":"https:\/\/educas.com.br\/blog\/wp-json\/wp\/v2\/comments?post=30"}],"version-history":[{"count":0,"href":"https:\/\/educas.com.br\/blog\/wp-json\/wp\/v2\/posts\/30\/revisions"}],"wp:attachment":[{"href":"https:\/\/educas.com.br\/blog\/wp-json\/wp\/v2\/media?parent=30"}],"wp:term":[{"taxonomy":"category","embeddable":true,"href":"https:\/\/educas.com.br\/blog\/wp-json\/wp\/v2\/categories?post=30"},{"taxonomy":"post_tag","embeddable":true,"href":"https:\/\/educas.com.br\/blog\/wp-json\/wp\/v2\/tags?post=30"}],"curies":[{"name":"wp","href":"https:\/\/api.w.org\/{rel}","templated":true}]}}