{"id":31,"date":"2008-03-22T15:25:06","date_gmt":"2008-03-22T18:25:06","guid":{"rendered":"http:\/\/educas.com.br\/blog\/?p=31"},"modified":"2008-03-22T15:25:06","modified_gmt":"2008-03-22T18:25:06","slug":"revista-o-publico-e-o-privado","status":"publish","type":"post","link":"https:\/\/educas.com.br\/blog\/revista-o-publico-e-o-privado\/","title":{"rendered":"Revista O P\u00fablico e o Privado"},"content":{"rendered":"<p style=\"text-align: justify;\" align=\"left\"><img decoding=\"async\" src=\"http:\/\/educas.com.br\/blog\/wp-content\/uploads\/2008\/03\/livro_opublico.jpg\" alt=\"livro_opublico.jpg\" align=\"left\" \/>Revista O P\u00fablico e o Privado &#8211; n. 5, janeiro\/junho, 2005<br \/>\nEste n\u00famero da Revista <em>O P\u00fablico e o Privado<\/em>\u00a0\u00e9 resultado da parceria entre o Mestrado Acad\u00eamico em Pol\u00edticas P\u00fablicas e o Mestrado Acad\u00eamico em Educa\u00e7\u00e3o da Universidade Estadual do Cear\u00e1, atrav\u00e9s de sua Linha de Pesquisa Pol\u00edtica Educacional, Forma\u00e7\u00e3o e Cultura Docente. Apresenta um conjunto\u00a0de ensaios\u00a0sobre aspectos diversos da pol\u00edtica educacional,\u00a0merecendo destaque o artigo\u00a0<strong>Estado,\u00a0pol\u00edtica\u00a0educacional e\u00a0inova\u00e7\u00e3o\u00a0pedag\u00f3gica<\/strong>. De autoria de\u00a0Walter Esteves Garcia e Isabel Maria Sabino de Farias o artigo aborda uma dimens\u00e3o significativa da pol\u00edtica educacional: sua rela\u00e7\u00e3o com os desafios do processo de mudan\u00e7a em um mundo globalizado no qual a dimens\u00e3o econ\u00f4mica \u00e9 tomada como marco referencial das pol\u00edticas sociais. Como mudar a escola, como mudar a pr\u00e1tica pedag\u00f3gica, est\u00e1 no centro do debate sobre inova\u00e7\u00e3o como pol\u00edtica educacional.<\/p>\n<p>:: Editor: Hor\u00e1cio da Silva Frota<br \/>\n:: Organizador do n\u00famero: Jo\u00e3o Batista Carvalho Nunes<br \/>\n:: P\u00e1gina do artigo:<\/p>\n","protected":false},"excerpt":{"rendered":"<p>Revista O P\u00fablico e o Privado &#8211; n. 5, janeiro\/junho, 2005 Este n\u00famero da Revista O P\u00fablico e o Privado\u00a0\u00e9 resultado da parceria entre o Mestrado Acad\u00eamico em Pol\u00edticas P\u00fablicas e o Mestrado Acad\u00eamico em Educa\u00e7\u00e3o da Universidade Estadual do Cear\u00e1, atrav\u00e9s de sua Linha de Pesquisa Pol\u00edtica Educacional, Forma\u00e7\u00e3o e Cultura Docente. Apresenta um &hellip;<\/p>\n","protected":false},"author":2,"featured_media":0,"comment_status":"open","ping_status":"open","sticky":false,"template":"","format":"standard","meta":{"footnotes":""},"categories":[4],"tags":[5,6,7],"class_list":["post-31","post","type-post","status-publish","format-standard","","category-livroscapitulos-de-livro","tag-inovacao-pedagogica","tag-mudanca","tag-reforma-educativa"],"_links":{"self":[{"href":"https:\/\/educas.com.br\/blog\/wp-json\/wp\/v2\/posts\/31","targetHints":{"allow":["GET"]}}],"collection":[{"href":"https:\/\/educas.com.br\/blog\/wp-json\/wp\/v2\/posts"}],"about":[{"href":"https:\/\/educas.com.br\/blog\/wp-json\/wp\/v2\/types\/post"}],"author":[{"embeddable":true,"href":"https:\/\/educas.com.br\/blog\/wp-json\/wp\/v2\/users\/2"}],"replies":[{"embeddable":true,"href":"https:\/\/educas.com.br\/blog\/wp-json\/wp\/v2\/comments?post=31"}],"version-history":[{"count":0,"href":"https:\/\/educas.com.br\/blog\/wp-json\/wp\/v2\/posts\/31\/revisions"}],"wp:attachment":[{"href":"https:\/\/educas.com.br\/blog\/wp-json\/wp\/v2\/media?parent=31"}],"wp:term":[{"taxonomy":"category","embeddable":true,"href":"https:\/\/educas.com.br\/blog\/wp-json\/wp\/v2\/categories?post=31"},{"taxonomy":"post_tag","embeddable":true,"href":"https:\/\/educas.com.br\/blog\/wp-json\/wp\/v2\/tags?post=31"}],"curies":[{"name":"wp","href":"https:\/\/api.w.org\/{rel}","templated":true}]}}