{"id":39,"date":"2008-03-22T17:35:46","date_gmt":"2008-03-22T20:35:46","guid":{"rendered":"http:\/\/educas.com.br\/blog\/?p=39"},"modified":"2008-03-22T17:35:46","modified_gmt":"2008-03-22T20:35:46","slug":"aprovacao-de-trabalho-no-congresso-luso-brasileiro-de-historia-da-educacao","status":"publish","type":"post","link":"https:\/\/educas.com.br\/blog\/aprovacao-de-trabalho-no-congresso-luso-brasileiro-de-historia-da-educacao\/","title":{"rendered":"Aprova\u00e7\u00e3o de trabalho no Congresso Luso-Brasileiro de Hist\u00f3ria da Educa\u00e7\u00e3o"},"content":{"rendered":"<p>O professor\u00a0Jos\u00e9 Eudes Baima teve seu trabalho aprovado no VIII Congresso Luso Brasileiro de Hist\u00f3ria da Educa\u00e7\u00e3o que deve acontecer em Portugal, no per\u00edodo de &#8212; a &#8212; de 2008. Parab\u00e9ns e sucesso!!!<\/p>\n","protected":false},"excerpt":{"rendered":"<p>O professor\u00a0Jos\u00e9 Eudes Baima teve seu trabalho aprovado no VIII Congresso Luso Brasileiro de Hist\u00f3ria da Educa\u00e7\u00e3o que deve acontecer em Portugal, no per\u00edodo de &#8212; a &#8212; de 2008. Parab\u00e9ns e sucesso!!!<\/p>\n","protected":false},"author":2,"featured_media":0,"comment_status":"open","ping_status":"open","sticky":false,"template":"","format":"standard","meta":{"footnotes":""},"categories":[2],"tags":[],"class_list":["post-39","post","type-post","status-publish","format-standard","","category-noticias"],"_links":{"self":[{"href":"https:\/\/educas.com.br\/blog\/wp-json\/wp\/v2\/posts\/39","targetHints":{"allow":["GET"]}}],"collection":[{"href":"https:\/\/educas.com.br\/blog\/wp-json\/wp\/v2\/posts"}],"about":[{"href":"https:\/\/educas.com.br\/blog\/wp-json\/wp\/v2\/types\/post"}],"author":[{"embeddable":true,"href":"https:\/\/educas.com.br\/blog\/wp-json\/wp\/v2\/users\/2"}],"replies":[{"embeddable":true,"href":"https:\/\/educas.com.br\/blog\/wp-json\/wp\/v2\/comments?post=39"}],"version-history":[{"count":0,"href":"https:\/\/educas.com.br\/blog\/wp-json\/wp\/v2\/posts\/39\/revisions"}],"wp:attachment":[{"href":"https:\/\/educas.com.br\/blog\/wp-json\/wp\/v2\/media?parent=39"}],"wp:term":[{"taxonomy":"category","embeddable":true,"href":"https:\/\/educas.com.br\/blog\/wp-json\/wp\/v2\/categories?post=39"},{"taxonomy":"post_tag","embeddable":true,"href":"https:\/\/educas.com.br\/blog\/wp-json\/wp\/v2\/tags?post=39"}],"curies":[{"name":"wp","href":"https:\/\/api.w.org\/{rel}","templated":true}]}}