{"id":399,"date":"2011-04-08T16:08:06","date_gmt":"2011-04-08T19:08:06","guid":{"rendered":"http:\/\/educas.com.br\/blog\/?p=399"},"modified":"2011-04-08T16:08:06","modified_gmt":"2011-04-08T19:08:06","slug":"perfil-dos-professores-pesquisadores-dos-cursos-da-saude-de-uma-universidade-cearense","status":"publish","type":"post","link":"https:\/\/educas.com.br\/blog\/perfil-dos-professores-pesquisadores-dos-cursos-da-saude-de-uma-universidade-cearense\/","title":{"rendered":"Perfil dos professores-pesquisadores dos cursos da sa\u00fade de uma universidade cearense"},"content":{"rendered":"<p><strong>\u00a0Por:<\/strong>\u00a0Pedro Mansueto Melo de Souza, Camila Almada Nunes \u00a0e Rafael Sousa Ferreira<\/p>\n<p style=\"text-align: justify;\"><strong>Resumo:\u00a0<\/strong>O presente trabalho buscou conhecer o perfil dos docentes dos cursos da \u00e1rea da sa\u00fade, em especial a rela\u00e7\u00e3o destes docentes com a pesquisa cient\u00edfica.\u00a0 Atrav\u00e9s do entendimento da pesquisa como princ\u00edpio educativo, buscou-se descobrir se estes docentes vivenciam a pesquisa em suas atividades acad\u00eamicas e se transmitem essa viv\u00eancia aos seus alunos, proporcionando-lhes uma forma\u00e7\u00e3o diferenciada.\u00a0\u00a0 Trata-se de uma pesquisa explorat\u00f3ria e descritiva, de abordagem quantitativa, e caracterizada como um estudo de caso, tomando como \u201cexemplo\u201d os colegiados dos cursos de Enfermagem, Medicina e Nutri\u00e7\u00e3o de uma universidade cearense. Atrav\u00e9s da aplica\u00e7\u00e3o de um question\u00e1rio, buscou-se conhecer o perfil pessoal e profissional dos docentes e caracterizar sua atua\u00e7\u00e3o em pesquisa atrav\u00e9s das seguintes atividades: participar de grupos de pesquisa; participar de projetos de pesquisa; orientar bolsistas de inicia\u00e7\u00e3o cient\u00edfica; e lecionar disciplinas de pesquisa.\u00a0 Conclu\u00edmos que existe um corpo docente qualificado e que vivencia a pesquisa em suas atividades acad\u00eamicas, mas que n\u00e3o representam a totalidade dos colegiados destes referidos cursos.\u00a0 Vimos que tamb\u00e9m h\u00e1 discrep\u00e2ncias entre os diferentes cursos, sendo a atua\u00e7\u00e3o em pesquisa menor nos cursos de Nutri\u00e7\u00e3o e no ciclo profissional do curso de Medicina, podendo haver rela\u00e7\u00e3o\u00a0\u00a0 entre\u00a0\u00a0 essa\u00a0\u00a0 defici\u00eancia\u00a0\u00a0 e\u00a0\u00a0 a\u00a0\u00a0 elevada\u00a0\u00a0 propor\u00e7\u00e3o \u00a0\u00a0de professores substitutos e sem dedica\u00e7\u00e3o exclusiva \u00e0 universidade.<\/p>\n<p style=\"text-align: justify;\"><a href=\"http:\/\/educas.com.br\/blog\/wp-content\/uploads\/2011\/04\/Perfil-dos-professores-pesquisadores-dos-cursos-da-sa\u00fade-de-uma-universidade-cearense1.pdf\">Ler artigo completo<\/a><\/p>\n","protected":false},"excerpt":{"rendered":"<p>\u00a0Por:\u00a0Pedro Mansueto Melo de Souza, Camila Almada Nunes \u00a0e Rafael Sousa Ferreira Resumo:\u00a0O presente trabalho buscou conhecer o perfil dos docentes dos cursos da \u00e1rea da sa\u00fade, em especial a rela\u00e7\u00e3o destes docentes com a pesquisa cient\u00edfica.\u00a0 Atrav\u00e9s do entendimento da pesquisa como princ\u00edpio educativo, buscou-se descobrir se estes docentes vivenciam a pesquisa em suas &hellip;<\/p>\n","protected":false},"author":2,"featured_media":0,"comment_status":"open","ping_status":"open","sticky":false,"template":"","format":"standard","meta":{"footnotes":""},"categories":[3],"tags":[],"class_list":["post-399","post","type-post","status-publish","format-standard","","category-artigos"],"_links":{"self":[{"href":"https:\/\/educas.com.br\/blog\/wp-json\/wp\/v2\/posts\/399","targetHints":{"allow":["GET"]}}],"collection":[{"href":"https:\/\/educas.com.br\/blog\/wp-json\/wp\/v2\/posts"}],"about":[{"href":"https:\/\/educas.com.br\/blog\/wp-json\/wp\/v2\/types\/post"}],"author":[{"embeddable":true,"href":"https:\/\/educas.com.br\/blog\/wp-json\/wp\/v2\/users\/2"}],"replies":[{"embeddable":true,"href":"https:\/\/educas.com.br\/blog\/wp-json\/wp\/v2\/comments?post=399"}],"version-history":[{"count":0,"href":"https:\/\/educas.com.br\/blog\/wp-json\/wp\/v2\/posts\/399\/revisions"}],"wp:attachment":[{"href":"https:\/\/educas.com.br\/blog\/wp-json\/wp\/v2\/media?parent=399"}],"wp:term":[{"taxonomy":"category","embeddable":true,"href":"https:\/\/educas.com.br\/blog\/wp-json\/wp\/v2\/categories?post=399"},{"taxonomy":"post_tag","embeddable":true,"href":"https:\/\/educas.com.br\/blog\/wp-json\/wp\/v2\/tags?post=399"}],"curies":[{"name":"wp","href":"https:\/\/api.w.org\/{rel}","templated":true}]}}