{"id":40,"date":"2008-03-22T17:43:44","date_gmt":"2008-03-22T20:43:44","guid":{"rendered":"http:\/\/educas.com.br\/blog\/?p=40"},"modified":"2008-03-22T17:43:44","modified_gmt":"2008-03-22T20:43:44","slug":"xiv-endipe","status":"publish","type":"post","link":"https:\/\/educas.com.br\/blog\/xiv-endipe\/","title":{"rendered":"XIV ENDIPE"},"content":{"rendered":"<p><img decoding=\"async\" src=\"http:\/\/educas.com.br\/blog\/wp-content\/uploads\/2008\/03\/endipe.jpg\" alt=\"endipe.jpg\" \/><br \/>\nAcontece de 27 a 30 de abril de 2008 o XIV Encontro Nacional de Did\u00e1tica e Pr\u00e1tica de Ensino, que ser\u00e1 realizado na UNISINOS, no Rio Grande do Sul. Maiores informa\u00e7\u00f5es pelo site <a href=\"http:\/\/www.pucrs.br\/eventos\/endipe\/\">http:\/\/www.pucrs.br\/eventos\/endipe\/<\/a><\/p>\n","protected":false},"excerpt":{"rendered":"<p>Acontece de 27 a 30 de abril de 2008 o XIV Encontro Nacional de Did\u00e1tica e Pr\u00e1tica de Ensino, que ser\u00e1 realizado na UNISINOS, no Rio Grande do Sul. Maiores informa\u00e7\u00f5es pelo site http:\/\/www.pucrs.br\/eventos\/endipe\/<\/p>\n","protected":false},"author":2,"featured_media":0,"comment_status":"open","ping_status":"open","sticky":false,"template":"","format":"standard","meta":{"footnotes":""},"categories":[15],"tags":[],"class_list":["post-40","post","type-post","status-publish","format-standard","","category-agenda"],"_links":{"self":[{"href":"https:\/\/educas.com.br\/blog\/wp-json\/wp\/v2\/posts\/40","targetHints":{"allow":["GET"]}}],"collection":[{"href":"https:\/\/educas.com.br\/blog\/wp-json\/wp\/v2\/posts"}],"about":[{"href":"https:\/\/educas.com.br\/blog\/wp-json\/wp\/v2\/types\/post"}],"author":[{"embeddable":true,"href":"https:\/\/educas.com.br\/blog\/wp-json\/wp\/v2\/users\/2"}],"replies":[{"embeddable":true,"href":"https:\/\/educas.com.br\/blog\/wp-json\/wp\/v2\/comments?post=40"}],"version-history":[{"count":0,"href":"https:\/\/educas.com.br\/blog\/wp-json\/wp\/v2\/posts\/40\/revisions"}],"wp:attachment":[{"href":"https:\/\/educas.com.br\/blog\/wp-json\/wp\/v2\/media?parent=40"}],"wp:term":[{"taxonomy":"category","embeddable":true,"href":"https:\/\/educas.com.br\/blog\/wp-json\/wp\/v2\/categories?post=40"},{"taxonomy":"post_tag","embeddable":true,"href":"https:\/\/educas.com.br\/blog\/wp-json\/wp\/v2\/tags?post=40"}],"curies":[{"name":"wp","href":"https:\/\/api.w.org\/{rel}","templated":true}]}}