{"id":43,"date":"2008-03-22T19:28:56","date_gmt":"2008-03-22T22:28:56","guid":{"rendered":"http:\/\/educas.com.br\/blog\/?p=43"},"modified":"2008-03-22T19:28:56","modified_gmt":"2008-03-22T22:28:56","slug":"educas-no-ar","status":"publish","type":"post","link":"https:\/\/educas.com.br\/blog\/educas-no-ar\/","title":{"rendered":"Educas no ar!!!"},"content":{"rendered":"<p>Ol\u00e1 pessoal,<br \/>\nEstamos iniciando hoje, dia 22 de mar\u00e7o de 2008, as atividades da p\u00e1gina <em>on line<\/em> do Grupo de Pesquisa Educa\u00e7\u00e3o, Cultura Escolar e Sociedade (EDUCAS). TODOS est\u00e3o convidados a conhecer nossa equipe e proposta de trabalho.<br \/>\nEsperamos que este espa\u00e7o sirva de esteio para\u00a0&#8220;fortalecer&#8221; nosso encontro e coopera\u00e7\u00e3o acad\u00eamica, t\u00e9cnica e profissional.\u00a0Sejam bem vindos!<\/p>\n","protected":false},"excerpt":{"rendered":"<p>Ol\u00e1 pessoal, Estamos iniciando hoje, dia 22 de mar\u00e7o de 2008, as atividades da p\u00e1gina on line do Grupo de Pesquisa Educa\u00e7\u00e3o, Cultura Escolar e Sociedade (EDUCAS). TODOS est\u00e3o convidados a conhecer nossa equipe e proposta de trabalho. Esperamos que este espa\u00e7o sirva de esteio para\u00a0&#8220;fortalecer&#8221; nosso encontro e coopera\u00e7\u00e3o acad\u00eamica, t\u00e9cnica e profissional.\u00a0Sejam bem &hellip;<\/p>\n","protected":false},"author":2,"featured_media":0,"comment_status":"open","ping_status":"open","sticky":false,"template":"","format":"standard","meta":{"footnotes":""},"categories":[2],"tags":[],"class_list":["post-43","post","type-post","status-publish","format-standard","","category-noticias"],"_links":{"self":[{"href":"https:\/\/educas.com.br\/blog\/wp-json\/wp\/v2\/posts\/43","targetHints":{"allow":["GET"]}}],"collection":[{"href":"https:\/\/educas.com.br\/blog\/wp-json\/wp\/v2\/posts"}],"about":[{"href":"https:\/\/educas.com.br\/blog\/wp-json\/wp\/v2\/types\/post"}],"author":[{"embeddable":true,"href":"https:\/\/educas.com.br\/blog\/wp-json\/wp\/v2\/users\/2"}],"replies":[{"embeddable":true,"href":"https:\/\/educas.com.br\/blog\/wp-json\/wp\/v2\/comments?post=43"}],"version-history":[{"count":0,"href":"https:\/\/educas.com.br\/blog\/wp-json\/wp\/v2\/posts\/43\/revisions"}],"wp:attachment":[{"href":"https:\/\/educas.com.br\/blog\/wp-json\/wp\/v2\/media?parent=43"}],"wp:term":[{"taxonomy":"category","embeddable":true,"href":"https:\/\/educas.com.br\/blog\/wp-json\/wp\/v2\/categories?post=43"},{"taxonomy":"post_tag","embeddable":true,"href":"https:\/\/educas.com.br\/blog\/wp-json\/wp\/v2\/tags?post=43"}],"curies":[{"name":"wp","href":"https:\/\/api.w.org\/{rel}","templated":true}]}}