{"id":45,"date":"2008-09-16T15:55:57","date_gmt":"2008-09-16T18:55:57","guid":{"rendered":"http:\/\/educas.com.br\/blog\/?p=45"},"modified":"2008-09-16T15:55:57","modified_gmt":"2008-09-16T18:55:57","slug":"8%c2%ba-conic-semesp-e-6%c2%ba-coint-semesp","status":"publish","type":"post","link":"https:\/\/educas.com.br\/blog\/8%c2%ba-conic-semesp-e-6%c2%ba-coint-semesp\/","title":{"rendered":"8\u00ba CONIC-SEMESP e 6\u00ba COINT-SEMESP"},"content":{"rendered":"<p align=\"justify\">O SEMESP promove anualmente o Congresso Nacional de Inicia\u00e7\u00e3o Cient\u00edfica (CONIC &#8211; SEMESP) e o Congresso Internacional de Inicia\u00e7\u00e3o Cient\u00edfica (COINT-SEMESP), do qual podem participar universit\u00e1rios brasileiros e estrangeiros. O congresso ser\u00e1 realizado nos dias 16 e 17 de novembro de 2008 em Botucatu, S\u00e3o Paulo e tem como objetivo partilhar os desenvolvimentos cient\u00edficos e tecnol\u00f3gicos realizados no \u00e2mbito das Institui\u00e7\u00f5es de Ensino Superior por meio da inicia\u00e7\u00e3o cient\u00edfica. A submiss\u00e3o de trabalhos pode ser feita no per\u00edodo de 17 de junho a 19 de setembro, no portal do SEMESP.<\/p>\n<p align=\"justify\">http:\/\/www.semesp.org.br\/portal\/index.php<\/p>\n","protected":false},"excerpt":{"rendered":"<p>O SEMESP promove anualmente o Congresso Nacional de Inicia\u00e7\u00e3o Cient\u00edfica (CONIC &#8211; SEMESP) e o Congresso Internacional de Inicia\u00e7\u00e3o Cient\u00edfica (COINT-SEMESP), do qual podem participar universit\u00e1rios brasileiros e estrangeiros. O congresso ser\u00e1 realizado nos dias 16 e 17 de novembro de 2008 em Botucatu, S\u00e3o Paulo e tem como objetivo partilhar os desenvolvimentos cient\u00edficos e &hellip;<\/p>\n","protected":false},"author":2,"featured_media":0,"comment_status":"open","ping_status":"open","sticky":false,"template":"","format":"standard","meta":{"footnotes":""},"categories":[15],"tags":[],"class_list":["post-45","post","type-post","status-publish","format-standard","","category-agenda"],"_links":{"self":[{"href":"https:\/\/educas.com.br\/blog\/wp-json\/wp\/v2\/posts\/45","targetHints":{"allow":["GET"]}}],"collection":[{"href":"https:\/\/educas.com.br\/blog\/wp-json\/wp\/v2\/posts"}],"about":[{"href":"https:\/\/educas.com.br\/blog\/wp-json\/wp\/v2\/types\/post"}],"author":[{"embeddable":true,"href":"https:\/\/educas.com.br\/blog\/wp-json\/wp\/v2\/users\/2"}],"replies":[{"embeddable":true,"href":"https:\/\/educas.com.br\/blog\/wp-json\/wp\/v2\/comments?post=45"}],"version-history":[{"count":0,"href":"https:\/\/educas.com.br\/blog\/wp-json\/wp\/v2\/posts\/45\/revisions"}],"wp:attachment":[{"href":"https:\/\/educas.com.br\/blog\/wp-json\/wp\/v2\/media?parent=45"}],"wp:term":[{"taxonomy":"category","embeddable":true,"href":"https:\/\/educas.com.br\/blog\/wp-json\/wp\/v2\/categories?post=45"},{"taxonomy":"post_tag","embeddable":true,"href":"https:\/\/educas.com.br\/blog\/wp-json\/wp\/v2\/tags?post=45"}],"curies":[{"name":"wp","href":"https:\/\/api.w.org\/{rel}","templated":true}]}}