{"id":56,"date":"2009-06-30T15:49:51","date_gmt":"2009-06-30T18:49:51","guid":{"rendered":"http:\/\/educas.com.br\/blog\/?p=56"},"modified":"2009-06-30T15:49:51","modified_gmt":"2009-06-30T18:49:51","slug":"19%c2%ba-epenn-encontro-de-pesquisa-educacional-do-norte-e-nordeste","status":"publish","type":"post","link":"https:\/\/educas.com.br\/blog\/19%c2%ba-epenn-encontro-de-pesquisa-educacional-do-norte-e-nordeste\/","title":{"rendered":"19\u00ba EPENN &#8211; Encontro de Pesquisa Educacional do Norte e Nordeste"},"content":{"rendered":"<p>Acontecer\u00e1 no per\u00edodo de 05 a 08\/07\/2009 o 19\u00ba EPENN &#8211; Encontro de Pesquisa Educacional do Norte e Nordeste em Jo\u00e3o Pessoa &#8211; Para\u00edba, tendo como sede a Universidade Federal da Para\u00edba (UFPB). O tema central do evento este ano \u00e9: <em>Educa\u00e7\u00e3o, Direitos Humanos e Inclus\u00e3o Social. <\/em>O EPENN \u00e9 qualificado no Qualis Eventos da CAPES como Nacional.<\/p>\n","protected":false},"excerpt":{"rendered":"<p>Acontecer\u00e1 no per\u00edodo de 05 a 08\/07\/2009 o 19\u00ba EPENN &#8211; Encontro de Pesquisa Educacional do Norte e Nordeste em Jo\u00e3o Pessoa &#8211; Para\u00edba, tendo como sede a Universidade Federal da Para\u00edba (UFPB). O tema central do evento este ano \u00e9: Educa\u00e7\u00e3o, Direitos Humanos e Inclus\u00e3o Social. O EPENN \u00e9 qualificado no Qualis Eventos da &hellip;<\/p>\n","protected":false},"author":2,"featured_media":0,"comment_status":"open","ping_status":"open","sticky":false,"template":"","format":"standard","meta":{"footnotes":""},"categories":[15],"tags":[],"class_list":["post-56","post","type-post","status-publish","format-standard","","category-agenda"],"_links":{"self":[{"href":"https:\/\/educas.com.br\/blog\/wp-json\/wp\/v2\/posts\/56","targetHints":{"allow":["GET"]}}],"collection":[{"href":"https:\/\/educas.com.br\/blog\/wp-json\/wp\/v2\/posts"}],"about":[{"href":"https:\/\/educas.com.br\/blog\/wp-json\/wp\/v2\/types\/post"}],"author":[{"embeddable":true,"href":"https:\/\/educas.com.br\/blog\/wp-json\/wp\/v2\/users\/2"}],"replies":[{"embeddable":true,"href":"https:\/\/educas.com.br\/blog\/wp-json\/wp\/v2\/comments?post=56"}],"version-history":[{"count":0,"href":"https:\/\/educas.com.br\/blog\/wp-json\/wp\/v2\/posts\/56\/revisions"}],"wp:attachment":[{"href":"https:\/\/educas.com.br\/blog\/wp-json\/wp\/v2\/media?parent=56"}],"wp:term":[{"taxonomy":"category","embeddable":true,"href":"https:\/\/educas.com.br\/blog\/wp-json\/wp\/v2\/categories?post=56"},{"taxonomy":"post_tag","embeddable":true,"href":"https:\/\/educas.com.br\/blog\/wp-json\/wp\/v2\/tags?post=56"}],"curies":[{"name":"wp","href":"https:\/\/api.w.org\/{rel}","templated":true}]}}