{"id":64,"date":"2009-06-30T16:39:27","date_gmt":"2009-06-30T19:39:27","guid":{"rendered":"http:\/\/educas.com.br\/blog\/?p=64"},"modified":"2009-06-30T16:39:27","modified_gmt":"2009-06-30T19:39:27","slug":"organizacao-mundial-e-educacao-reformas-e-politicas-mineralizando-as-escolas-e-seus-reflexos-no-trabalho-docente","status":"publish","type":"post","link":"https:\/\/educas.com.br\/blog\/organizacao-mundial-e-educacao-reformas-e-politicas-mineralizando-as-escolas-e-seus-reflexos-no-trabalho-docente\/","title":{"rendered":"Organiza\u00e7\u00e3o Mundial e Educa\u00e7\u00e3o: reformas e pol\u00edticas mineralizando as escolas e seus reflexos no trabalho docente"},"content":{"rendered":"<p>Jeannette F. P. Ramos<br \/>\nMaria Gl\u00e1ucia M. T. Albuquerque<br \/>\nResumo<\/p>\n<p style=\"text-align: justify;\">Este artigo tem como objeto deste estudo as repercuss\u00f5es das pol\u00edticas e reformas educativas planetrizadas no trabalho docente e na escola, atrav\u00e9s da organiza\u00e7\u00e3o escolar e do trabalho. Refletir sobre o modo como as escolas est\u00e3o organizadas \u00e9 fundamental, pois esta reflete determinada concep\u00e7\u00e3o te\u00f3rica, ao mesmo tempo, que mant\u00e9m rela\u00e7\u00e3o direta com a transforma\u00e7\u00e3o da escola e do trabalho docente. Para tanto, revisitamos a literatura pertinente \u00e0s categorias trabalho docente (SAVIANI, 2005b), organiza\u00e7\u00e3o escolar e trabalho escolar (OLIVEIRA, 2002) e desenvolvemos uma pesquisa de campo por amostragem no munic\u00edpio de Fortaleza e identificamos uma escola da Regional I para estudo de caso, aqui denominada Alfa. Foram feitos 30 question\u00e1rios e tr\u00eas entrevistas semi estruturadas como instrumento de coleta de dados. Conclu\u00edmos que os fen\u00f4menos multifacetados e interligados da globaliza\u00e7\u00e3o e planetariza\u00e7\u00e3o t\u00eam interferido na constru\u00e7\u00e3o da autonomia da escola, mineralizando-as, e refletido na precariza\u00e7\u00e3o das condi\u00e7\u00f5es do trabalho docente. Entretanto, h\u00e1 paradoxos e contradi\u00e7\u00f5es e a escola Alfa se constitui como exemplo de resist\u00eancia, pois tem conseguido pensar sobre si mesma em sua rela\u00e7\u00e3o com a comunidade, ousando construir um projeto de escola que reflete as (novas) utopias.<\/p>\n<p style=\"text-align: justify;\">Palavras-chave: Trabalho docente, organiza\u00e7\u00e3o da escola e do trabalho na escola.<\/p>\n<p><a href=\"http:\/\/educas.com.br\/blog\/wp-content\/uploads\/2009\/06\/artigo-organizacao-mundial-e-educacao-redestrado-20061.pdf\">Ler artigo completo<\/a><\/p>\n","protected":false},"excerpt":{"rendered":"<p>Jeannette F. P. Ramos Maria Gl\u00e1ucia M. T. Albuquerque Resumo Este artigo tem como objeto deste estudo as repercuss\u00f5es das pol\u00edticas e reformas educativas planetrizadas no trabalho docente e na escola, atrav\u00e9s da organiza\u00e7\u00e3o escolar e do trabalho. Refletir sobre o modo como as escolas est\u00e3o organizadas \u00e9 fundamental, pois esta reflete determinada concep\u00e7\u00e3o te\u00f3rica, &hellip;<\/p>\n","protected":false},"author":2,"featured_media":0,"comment_status":"open","ping_status":"open","sticky":false,"template":"","format":"standard","meta":{"footnotes":""},"categories":[3],"tags":[],"class_list":["post-64","post","type-post","status-publish","format-standard","","category-artigos"],"_links":{"self":[{"href":"https:\/\/educas.com.br\/blog\/wp-json\/wp\/v2\/posts\/64","targetHints":{"allow":["GET"]}}],"collection":[{"href":"https:\/\/educas.com.br\/blog\/wp-json\/wp\/v2\/posts"}],"about":[{"href":"https:\/\/educas.com.br\/blog\/wp-json\/wp\/v2\/types\/post"}],"author":[{"embeddable":true,"href":"https:\/\/educas.com.br\/blog\/wp-json\/wp\/v2\/users\/2"}],"replies":[{"embeddable":true,"href":"https:\/\/educas.com.br\/blog\/wp-json\/wp\/v2\/comments?post=64"}],"version-history":[{"count":0,"href":"https:\/\/educas.com.br\/blog\/wp-json\/wp\/v2\/posts\/64\/revisions"}],"wp:attachment":[{"href":"https:\/\/educas.com.br\/blog\/wp-json\/wp\/v2\/media?parent=64"}],"wp:term":[{"taxonomy":"category","embeddable":true,"href":"https:\/\/educas.com.br\/blog\/wp-json\/wp\/v2\/categories?post=64"},{"taxonomy":"post_tag","embeddable":true,"href":"https:\/\/educas.com.br\/blog\/wp-json\/wp\/v2\/tags?post=64"}],"curies":[{"name":"wp","href":"https:\/\/api.w.org\/{rel}","templated":true}]}}