{"id":654,"date":"2012-04-03T13:32:52","date_gmt":"2012-04-03T16:32:52","guid":{"rendered":"http:\/\/educas.com.br\/blog\/?p=654"},"modified":"2012-04-03T13:32:52","modified_gmt":"2012-04-03T16:32:52","slug":"iv-forum-internacional-de-pedagogia-iv-fiped","status":"publish","type":"post","link":"https:\/\/educas.com.br\/blog\/iv-forum-internacional-de-pedagogia-iv-fiped\/","title":{"rendered":"IV F\u00f3rum Internacional de Pedagogia (IV FIPED)"},"content":{"rendered":"<p><strong><a href=\"http:\/\/educas.com.br\/blog\/wp-content\/uploads\/2012\/04\/fiped.png\"><img loading=\"lazy\" decoding=\"async\" class=\"alignnone  wp-image-656\" title=\"IV FIPED\" src=\"http:\/\/educas.com.br\/blog\/wp-content\/uploads\/2012\/04\/fiped-300x115.png\" alt=\"\" width=\"368\" height=\"141\" \/><\/a><\/strong><br \/>\n<strong>A pesquisa na gradua\u00e7\u00e3o: emancipa\u00e7\u00e3o humana, pr\u00e1xis docente, trabalho e educa\u00e7\u00e3o<\/strong><br \/>\nO F\u00f3rum Internacional de Pedagogia tem como miss\u00e3o ser um espa\u00e7o de promo\u00e7\u00e3o e fortalecimento da pesquisa na gradua\u00e7\u00e3o, possibilitando a divulga\u00e7\u00e3o de trabalhos de pesquisas produzidos por alunos de gradua\u00e7\u00e3o em Pedagogia e \u00e1reas afins, de reflex\u00e3o sobre pol\u00edticas para a pesquisa, de divulga\u00e7\u00e3o e discuss\u00e3o de experi\u00eancias de pesquisas realizadas em articula\u00e7\u00e3o com o ensino e com a extens\u00e3o na gradua\u00e7\u00e3o, em quaisquer disciplinas. Assim sendo, os organizadores do IV FIPED convidam todas as pessoas interessadas no fortalecimento das pesquisas desenvolvidas na gradua\u00e7\u00e3o em Pedagogia e em \u00e1reas afins, para participarem deste evento que ter\u00e1 como foco de debate o envolvimento com a pesquisa na gradua\u00e7\u00e3o em IES de diferentes pa\u00edses.<br \/>\n<strong><\/strong><br \/>\n<strong>Data<\/strong>: 27 a 29 de junho de 2012<br \/>\n<strong>Local<\/strong>: Parna\u00edba, PI\/Brasil &#8211; Campus Universit\u00e1rio (UFPI).<br \/>\n<strong>Site do evento:<\/strong> <a href=\"http:\/\/www.fipedbrasil.com.br\/\" target=\"_blank\" rel=\"noopener\">http:\/\/www.fipedbrasil.com.br\/<\/a><br \/>\n&nbsp;<\/p>\n","protected":false},"excerpt":{"rendered":"<p>A pesquisa na gradua\u00e7\u00e3o: emancipa\u00e7\u00e3o humana, pr\u00e1xis docente, trabalho e educa\u00e7\u00e3o O F\u00f3rum Internacional de Pedagogia tem como miss\u00e3o ser um espa\u00e7o de promo\u00e7\u00e3o e fortalecimento da pesquisa na gradua\u00e7\u00e3o, possibilitando a divulga\u00e7\u00e3o de trabalhos de pesquisas produzidos por alunos de gradua\u00e7\u00e3o em Pedagogia e \u00e1reas afins, de reflex\u00e3o sobre pol\u00edticas para a pesquisa, de &hellip;<\/p>\n","protected":false},"author":2,"featured_media":0,"comment_status":"open","ping_status":"open","sticky":false,"template":"","format":"standard","meta":{"footnotes":""},"categories":[15],"tags":[],"class_list":["post-654","post","type-post","status-publish","format-standard","","category-agenda"],"_links":{"self":[{"href":"https:\/\/educas.com.br\/blog\/wp-json\/wp\/v2\/posts\/654","targetHints":{"allow":["GET"]}}],"collection":[{"href":"https:\/\/educas.com.br\/blog\/wp-json\/wp\/v2\/posts"}],"about":[{"href":"https:\/\/educas.com.br\/blog\/wp-json\/wp\/v2\/types\/post"}],"author":[{"embeddable":true,"href":"https:\/\/educas.com.br\/blog\/wp-json\/wp\/v2\/users\/2"}],"replies":[{"embeddable":true,"href":"https:\/\/educas.com.br\/blog\/wp-json\/wp\/v2\/comments?post=654"}],"version-history":[{"count":0,"href":"https:\/\/educas.com.br\/blog\/wp-json\/wp\/v2\/posts\/654\/revisions"}],"wp:attachment":[{"href":"https:\/\/educas.com.br\/blog\/wp-json\/wp\/v2\/media?parent=654"}],"wp:term":[{"taxonomy":"category","embeddable":true,"href":"https:\/\/educas.com.br\/blog\/wp-json\/wp\/v2\/categories?post=654"},{"taxonomy":"post_tag","embeddable":true,"href":"https:\/\/educas.com.br\/blog\/wp-json\/wp\/v2\/tags?post=654"}],"curies":[{"name":"wp","href":"https:\/\/api.w.org\/{rel}","templated":true}]}}