{"id":68,"date":"2009-06-30T18:28:29","date_gmt":"2009-06-30T21:28:29","guid":{"rendered":"http:\/\/educas.com.br\/blog\/?p=68"},"modified":"2009-06-30T18:28:29","modified_gmt":"2009-06-30T21:28:29","slug":"plano-diretor-da-reforma-do-aparelho-do-estado","status":"publish","type":"post","link":"https:\/\/educas.com.br\/blog\/plano-diretor-da-reforma-do-aparelho-do-estado\/","title":{"rendered":"Plano Diretor da Reforma do Aparelho do Estado &#8211; Bresser 1995"},"content":{"rendered":"<p style=\"text-align: left;\">Bras\u00edlia, novembro de 1995<br \/>\nFernando Henrique Cardoso<br \/>\nPresidente da Rep\u00fablica<\/p>\n<p><strong>Apresenta\u00e7\u00e3o<\/strong><\/p>\n<p style=\"text-align: justify;\">A crise brasileira da \u00faltima d\u00e9cada foi tamb\u00e9m uma crise do Estado. Em raz\u00e3o do modelo de desenvolvimento que Governos anteriores adotaram, o Estado desviou-se de suas fun\u00e7\u00f5es b\u00e1sicas para ampliar sua presen\u00e7a no setor produtivo, o que acarretou, al\u00e9m da gradual deteriora\u00e7\u00e3o dos servi\u00e7os p\u00fablicos, a que recorre, em particular, a parcela menos favorecida da popula\u00e7\u00e3o, o agravamento da crise fiscal e, por conseq\u00fc\u00eancia, da infla\u00e7\u00e3o. Nesse sentido, a reforma do Estado passou a ser instrumento indispens\u00e1vel para consolidar a estabiliza\u00e7\u00e3o e assegurar o crescimento sustentado da economia. Somente assim ser\u00e1 poss\u00edvel promover a corre\u00e7\u00e3o das desigualdades sociais e regionais.<br \/>\nCom a finalidade de colaborar com esse amplo trabalho que a sociedade e o Governo est\u00e3o fazendo para mudar o Brasil, determinei a elabora\u00e7\u00e3o do \u201cPlano Diretor da Reforma do Aparelho do Estado\u201d, que define objetivos e estabelece diretrizes para a reforma da administra\u00e7\u00e3o p\u00fablica brasileira.<br \/>\nO grande desafio hist\u00f3rico que o Pa\u00eds se disp\u00f5e a enfrentar \u00e9 o de articular um novo modelo de desenvolvimento que possa trazer para o conjunto da sociedade brasileira a perspectiva de um futuro melhor. Um dos aspectos centrais desse esfor\u00e7o \u00e9 o fortalecimento do Estado para que sejam eficazes sua a\u00e7\u00e3o reguladora, no quadro de uma economia de mercado, bem como os servi\u00e7os b\u00e1sicos que presta e as pol\u00edticas de cunho social que precisa implementar.<br \/>\nEste \u201cPlano Diretor\u201d procura criar condi\u00e7\u00f5es para a reconstru\u00e7\u00e3o da administra\u00e7\u00e3o p\u00fablica em bases modernas e racionais. No passado, constituiu grande avan\u00e7o a implementa\u00e7\u00e3o de uma administra\u00e7\u00e3o p\u00fablica formal, baseada em princ\u00edpios racional-burocr\u00e1ticos, os quais se contrapunham ao patrimonialismo, ao clientelismo, ao nepotismo, v\u00edcios estes que ainda persistem e que precisam ser extirpados. Mas o sistema introduzido, ao limitar-se a padr\u00f5es hier\u00e1rquicos r\u00edgidos e ao concentrar-se no controle dos processos e n\u00e3o dos resultados, revelou-se lento e ineficiente para a magnitude e a complexidade dos desafios que o Pa\u00eds passou a enfrentar diante da globaliza\u00e7\u00e3o econ\u00f4mica. A situa\u00e7\u00e3o agravou-se a partir do in\u00edcio desta d\u00e9cada, como resultado de reformas administrativas apressadas, as quais desorganizaram centros decis\u00f3rios importantes, afetaram a \u201cmem\u00f3ria administrativa\u201d, a par de desmantelarem sistemas de produ\u00e7\u00e3o de informa\u00e7\u00f5es vitais para o processo decis\u00f3rio governamental.<\/p>\n<p style=\"text-align: justify;\"><a href=\"http:\/\/educas.com.br\/blog\/wp-content\/uploads\/2009\/06\/planodiretor-bresser1.pdf\">Ver arquivo completo<\/a><\/p>\n","protected":false},"excerpt":{"rendered":"<p>Bras\u00edlia, novembro de 1995 Fernando Henrique Cardoso Presidente da Rep\u00fablica Apresenta\u00e7\u00e3o A crise brasileira da \u00faltima d\u00e9cada foi tamb\u00e9m uma crise do Estado. Em raz\u00e3o do modelo de desenvolvimento que Governos anteriores adotaram, o Estado desviou-se de suas fun\u00e7\u00f5es b\u00e1sicas para ampliar sua presen\u00e7a no setor produtivo, o que acarretou, al\u00e9m da gradual deteriora\u00e7\u00e3o dos &hellip;<\/p>\n","protected":false},"author":2,"featured_media":0,"comment_status":"open","ping_status":"open","sticky":false,"template":"","format":"standard","meta":{"footnotes":""},"categories":[3],"tags":[],"class_list":["post-68","post","type-post","status-publish","format-standard","","category-artigos"],"_links":{"self":[{"href":"https:\/\/educas.com.br\/blog\/wp-json\/wp\/v2\/posts\/68","targetHints":{"allow":["GET"]}}],"collection":[{"href":"https:\/\/educas.com.br\/blog\/wp-json\/wp\/v2\/posts"}],"about":[{"href":"https:\/\/educas.com.br\/blog\/wp-json\/wp\/v2\/types\/post"}],"author":[{"embeddable":true,"href":"https:\/\/educas.com.br\/blog\/wp-json\/wp\/v2\/users\/2"}],"replies":[{"embeddable":true,"href":"https:\/\/educas.com.br\/blog\/wp-json\/wp\/v2\/comments?post=68"}],"version-history":[{"count":0,"href":"https:\/\/educas.com.br\/blog\/wp-json\/wp\/v2\/posts\/68\/revisions"}],"wp:attachment":[{"href":"https:\/\/educas.com.br\/blog\/wp-json\/wp\/v2\/media?parent=68"}],"wp:term":[{"taxonomy":"category","embeddable":true,"href":"https:\/\/educas.com.br\/blog\/wp-json\/wp\/v2\/categories?post=68"},{"taxonomy":"post_tag","embeddable":true,"href":"https:\/\/educas.com.br\/blog\/wp-json\/wp\/v2\/tags?post=68"}],"curies":[{"name":"wp","href":"https:\/\/api.w.org\/{rel}","templated":true}]}}