{"id":695,"date":"2012-04-04T11:32:14","date_gmt":"2012-04-04T14:32:14","guid":{"rendered":"http:\/\/educas.com.br\/blog\/?p=695"},"modified":"2012-04-04T11:32:14","modified_gmt":"2012-04-04T14:32:14","slug":"capes-aprova-a-criacao-do-doutorado-em-educacao-da-uece","status":"publish","type":"post","link":"https:\/\/educas.com.br\/blog\/capes-aprova-a-criacao-do-doutorado-em-educacao-da-uece\/","title":{"rendered":"CAPES aprova a cria\u00e7\u00e3o do doutorado em Educa\u00e7\u00e3o da UECE"},"content":{"rendered":"<div><a href=\"http:\/\/educas.com.br\/blog\/wp-content\/uploads\/2012\/04\/uece1.gif\"><img loading=\"lazy\" decoding=\"async\" class=\"alignnone size-full wp-image-711\" title=\"uece\" src=\"http:\/\/educas.com.br\/blog\/wp-content\/uploads\/2012\/04\/uece1.gif\" alt=\"\" width=\"300\" height=\"100\" \/><\/a><\/div>\n<div>\u00a0<\/div>\n<div>A Coordena\u00e7\u00e3o de Aperfei\u00e7oamento de Pessoal de N\u00edvel Superior (Capes) divulgou nesta ter\u00e7a feira, 3, os resultados da aprecia\u00e7\u00e3o de propostas de cursos novos de 2011. As propostas foram analisadas e recomendadas durante a 134\u00aa Reuni\u00e3o do Conselho T\u00e9cnico-Cient\u00edfico da Educa\u00e7\u00e3o Superior (CTC-ES), realizada no per\u00edodo de 26 a 30 de mar\u00e7o de 2012, em Bras\u00edlia.<\/div>\n<div>\u00a0<\/div>\n<div>A UECE teve dois cursos aprovados: o curso de Doutorado em Educa\u00e7\u00e3o e o Mestrado Interdisciplinar em Recursos Naturais.<\/div>\n<div>\u00a0<\/div>\n<div>Segundo os coordenadores do PPGE-UECE,\u00a0Prof. Jos\u00e9 \u00c1lbio Moreira de Sales e\u00a0Profa. Isabel Maria Sabino de Farias, &#8220;Esta \u00e9 uma vit\u00f3ria do trabalho colaborativo que vimos desenvolvendo no percurso desses 9 anos de exist\u00eancia da nossa p\u00f3s-gradua\u00e7\u00e3o. Ousamos e conquistamos. Continuemos nesse caminho, pois ele \u00e9 virtuoso&#8221;.\u00a0<\/div>\n<div>\u00a0<\/div>\n<div>E continuam afirmando que &#8220;Agora \u00e9 tempo de comemorarmos a tranforma\u00e7\u00e3o do Curso de Mestrado em Programa de P\u00f3s-Gradua\u00e7\u00e3o em Educa\u00e7\u00e3o da UECE e fazermos valer os sonhos que queremos ver acontecer nesta Universidade&#8221;.<\/div>\n<div>\u00a0<\/div>\n<div>Fonte: <a href=\"http:\/\/fafidam-uece.blogspot.com.br\/2012\/04\/capes-aprova-criacao-do-doutorado-em.html\" target=\"_blank\" rel=\"noopener\">http:\/\/fafidam-uece.blogspot.com.br\/2012\/04\/capes-aprova-criacao-do-doutorado-em.html<\/a>\u00a0&#8211; Acessado em 04\/04\/2012 \u00e0s 11:31<\/div>\n","protected":false},"excerpt":{"rendered":"<p>\u00a0 A Coordena\u00e7\u00e3o de Aperfei\u00e7oamento de Pessoal de N\u00edvel Superior (Capes) divulgou nesta ter\u00e7a feira, 3, os resultados da aprecia\u00e7\u00e3o de propostas de cursos novos de 2011. As propostas foram analisadas e recomendadas durante a 134\u00aa Reuni\u00e3o do Conselho T\u00e9cnico-Cient\u00edfico da Educa\u00e7\u00e3o Superior (CTC-ES), realizada no per\u00edodo de 26 a 30 de mar\u00e7o de 2012, &hellip;<\/p>\n","protected":false},"author":2,"featured_media":0,"comment_status":"open","ping_status":"open","sticky":false,"template":"","format":"standard","meta":{"footnotes":""},"categories":[2],"tags":[],"class_list":["post-695","post","type-post","status-publish","format-standard","","category-noticias"],"_links":{"self":[{"href":"https:\/\/educas.com.br\/blog\/wp-json\/wp\/v2\/posts\/695","targetHints":{"allow":["GET"]}}],"collection":[{"href":"https:\/\/educas.com.br\/blog\/wp-json\/wp\/v2\/posts"}],"about":[{"href":"https:\/\/educas.com.br\/blog\/wp-json\/wp\/v2\/types\/post"}],"author":[{"embeddable":true,"href":"https:\/\/educas.com.br\/blog\/wp-json\/wp\/v2\/users\/2"}],"replies":[{"embeddable":true,"href":"https:\/\/educas.com.br\/blog\/wp-json\/wp\/v2\/comments?post=695"}],"version-history":[{"count":0,"href":"https:\/\/educas.com.br\/blog\/wp-json\/wp\/v2\/posts\/695\/revisions"}],"wp:attachment":[{"href":"https:\/\/educas.com.br\/blog\/wp-json\/wp\/v2\/media?parent=695"}],"wp:term":[{"taxonomy":"category","embeddable":true,"href":"https:\/\/educas.com.br\/blog\/wp-json\/wp\/v2\/categories?post=695"},{"taxonomy":"post_tag","embeddable":true,"href":"https:\/\/educas.com.br\/blog\/wp-json\/wp\/v2\/tags?post=695"}],"curies":[{"name":"wp","href":"https:\/\/api.w.org\/{rel}","templated":true}]}}