{"id":885,"date":"2016-07-06T10:13:58","date_gmt":"2016-07-06T13:13:58","guid":{"rendered":"http:\/\/educas.com.br\/blog\/?p=885"},"modified":"2016-07-06T10:13:58","modified_gmt":"2016-07-06T13:13:58","slug":"iii-forum-de-pesquisa-do-obeduc-desenvolvimento-profissional-docente-e-inovacao-pedagogica-2","status":"publish","type":"post","link":"https:\/\/educas.com.br\/blog\/iii-forum-de-pesquisa-do-obeduc-desenvolvimento-profissional-docente-e-inovacao-pedagogica-2\/","title":{"rendered":"III For\u00fam  de pesquisa do OBEDUC: Desenvolvimento Profissional Docente e Inova\u00e7\u00e3o Pedag\u00f3gica"},"content":{"rendered":"<p><a href=\"http:\/\/educas.com.br\/blog\/wp-content\/uploads\/2015\/04\/ufop-centro-de-convergencia_280x210.jpg\"><img loading=\"lazy\" decoding=\"async\" class=\"alignnone wp-image-886 size-full\" src=\"http:\/\/educas.com.br\/blog\/wp-content\/uploads\/2015\/04\/ufop-centro-de-convergencia_280x210.jpg\" alt=\"ufop-centro-de-convergencia_280x210\" width=\"280\" height=\"210\" \/><\/a><\/p>\n<p style=\"text-align: justify;\">O III F\u00f3rum de pesquisa sobre o desenvolvimento profissional docente e inova\u00e7\u00e3o pedagogica \u00e9 uma a\u00e7\u00e3o de intercambio entre integrantes do observatorio sobre essa tematica, com nucleos da UECE (Cear\u00e1) UNIFESP (S\u00e3o Paulo) UFOP (Minas Gerais). O evento acontecer\u00e1 nos dias <strong>27, 28 e 29 de maio<\/strong> no Insituto de Ci\u00eancias Humanas e Sociais (ICHS) da Universidade Federal de Ouro Preto (UFOP). Seu principal objetivo \u00e9 discutir o desenvolvimento das a\u00e7\u00f5es do projeto Desenvolvimento Profissional Docente e Inova\u00e7\u00e3o Pedag\u00f3gica: estudo explorat\u00f3rio sobre contribui\u00e7\u00f5es do PIBID, apoiado pelo pelo Programa Observat\u00f3rio da Educa\u00e7\u00e3o \u2013 OBEDUC (Edital CAPES n\u00ba 049\/2012).<\/p>\n<p>Saiba mais sobre o Programa em: http:\/\/obeducuece.wix.com\/pesquisa<\/p>\n","protected":false},"excerpt":{"rendered":"<p>O III F\u00f3rum de pesquisa sobre o desenvolvimento profissional docente e inova\u00e7\u00e3o pedagogica \u00e9 uma a\u00e7\u00e3o de intercambio entre integrantes do observatorio sobre essa tematica, com nucleos da UECE (Cear\u00e1) UNIFESP (S\u00e3o Paulo) UFOP (Minas Gerais). O evento acontecer\u00e1 nos dias 27, 28 e 29 de maio no Insituto de Ci\u00eancias Humanas e Sociais (ICHS) &hellip;<\/p>\n","protected":false},"author":2,"featured_media":0,"comment_status":"closed","ping_status":"closed","sticky":false,"template":"","format":"standard","meta":{"footnotes":""},"categories":[2],"tags":[],"class_list":["post-885","post","type-post","status-publish","format-standard","","category-noticias"],"_links":{"self":[{"href":"https:\/\/educas.com.br\/blog\/wp-json\/wp\/v2\/posts\/885","targetHints":{"allow":["GET"]}}],"collection":[{"href":"https:\/\/educas.com.br\/blog\/wp-json\/wp\/v2\/posts"}],"about":[{"href":"https:\/\/educas.com.br\/blog\/wp-json\/wp\/v2\/types\/post"}],"author":[{"embeddable":true,"href":"https:\/\/educas.com.br\/blog\/wp-json\/wp\/v2\/users\/2"}],"replies":[{"embeddable":true,"href":"https:\/\/educas.com.br\/blog\/wp-json\/wp\/v2\/comments?post=885"}],"version-history":[{"count":0,"href":"https:\/\/educas.com.br\/blog\/wp-json\/wp\/v2\/posts\/885\/revisions"}],"wp:attachment":[{"href":"https:\/\/educas.com.br\/blog\/wp-json\/wp\/v2\/media?parent=885"}],"wp:term":[{"taxonomy":"category","embeddable":true,"href":"https:\/\/educas.com.br\/blog\/wp-json\/wp\/v2\/categories?post=885"},{"taxonomy":"post_tag","embeddable":true,"href":"https:\/\/educas.com.br\/blog\/wp-json\/wp\/v2\/tags?post=885"}],"curies":[{"name":"wp","href":"https:\/\/api.w.org\/{rel}","templated":true}]}}